{"id":15759,"date":"2020-11-06T13:02:06","date_gmt":"2020-11-06T13:02:06","guid":{"rendered":"https:\/\/www.radiopresidenteibanez.cl\/web\/?p=15759"},"modified":"2020-11-06T13:02:12","modified_gmt":"2020-11-06T13:02:12","slug":"92-examenes-pcr-realizo-el-equipo-de-salud-municipal-en-rio-seco","status":"publish","type":"post","link":"https:\/\/www.radiopresidenteibanez.cl\/web\/92-examenes-pcr-realizo-el-equipo-de-salud-municipal-en-rio-seco\/","title":{"rendered":"92 EX\u00c1MENES PCR REALIZ\u00d3 EL EQUIPO DE SALUD MUNICIPAL EN R\u00cdO SECO"},"content":{"rendered":"\n<p>Durante esta jornada, el equipo de Testeo, Trazabilidad y Aislamiento, lleg\u00f3 hasta el sector de R\u00edo Seco para realizar una nueva B\u00fasqueda Activa de Casos Covid-19 positivos, acci\u00f3n que busca pesquisar personas asintom\u00e1ticas y aislarlos de manera inmediata, evitando la propagaci\u00f3n del virus.<\/p>\n\n\n\n<p>Es as\u00ed como la Cl\u00ednica M\u00f3vil municipal, se traslad\u00f3 hasta el Centro de Salud Comunitario Familiar de R\u00edo Seco, lugar al que llegaron 92 vecinos para realizar el PCR de manera gratuita y voluntaria, lo cual fue valorado tanto por las autoridades como por los asistentes.<\/p>\n\n\n\n<p>Ruth Barr\u00eda, una de las personas que lleg\u00f3 hasta el Centro de Salud, dijo que \u201ces una idea excelente, ya que como sabemos que este virus se maneja de manera asintom\u00e1tica, por lo que es bueno saber y tomar las precauciones\u201d. A ello, agreg\u00f3 adem\u00e1s que \u201ces importante cuidarse, utilizar guantes, alcohol gel y mascarilla, y con 66 a\u00f1os tengo que cuidarme\u201d, expres\u00f3 la vecina del sector.<\/p>\n\n\n\n<p>En tanto, el secretario de Salud, Eduardo Castillo explic\u00f3 que \u201cel testeo es una parte importante de la estrategia, especialmente a trav\u00e9s de la B\u00fasqueda Activa, para detectar los casos asintom\u00e1ticos que hay en la poblaci\u00f3n, porque son de gran riesgo de contagio, ya que al no saber ponen en riesgo a sus familiares y su entorno, de tal manera que se implementan campa\u00f1as como estas\u201d.<\/p>\n\n\n\n<p>Seg\u00fan inform\u00f3 la autoridad sanitaria, \u201ccasi el 50% de los casos positivos en la Regi\u00f3n, corresponden a personas asintom\u00e1ticas detectadas por b\u00fasqueda activa\u201d.<\/p>\n\n\n\n<p>Valeska Cisternas, coordinadora del equipo TTA Municipal, agreg\u00f3 que \u201chemos ido aumentando la cantidad de testeos en la poblaci\u00f3n, lo que nos da opci\u00f3n de identificar de mejor manera los casos asintom\u00e1ticos y aislarlos&nbsp; de manera m\u00e1s r\u00e1pida\u201d.<\/p>\n\n\n\n<p>Por \u00faltimo, el alcalde Claudio Radonich, explic\u00f3 que es importante y necesario seguir potenciando la B\u00fasqueda Activa en los distintos sectores de Punta Arenas, por lo que \u201cqueremos hacer m\u00e1s ex\u00e1menes PCR en los barrios, para que muchos vecinos tengan la oportunidad de ir a un lugar cercano a sus casas, con el fin de dar garant\u00edas de seguridad para ellos, sus familias y el entorno\u201d.<\/p>\n\n\n\n<p>Actualmente, hay poco m\u00e1s de 60 trazadores a cargo de la red de Atenci\u00f3n Primaria de Salud, lo que optimiza los tiempos de respuesta.<\/p>\n","protected":false},"excerpt":{"rendered":"<p>Durante esta jornada, el equipo de Testeo, Trazabilidad y Aislamiento, lleg\u00f3 hasta el sector de R\u00edo Seco para realizar una nueva B\u00fasqueda Activa de Casos Covid-19 positivos, acci\u00f3n que busca&#8230; <a class=\"read-more\" href=\"https:\/\/www.radiopresidenteibanez.cl\/web\/92-examenes-pcr-realizo-el-equipo-de-salud-municipal-en-rio-seco\/\">Leer m\u00e1s<\/a><\/p>\n","protected":false},"author":2,"featured_media":15760,"comment_status":"closed","ping_status":"closed","sticky":false,"template":"","format":"standard","meta":{"footnotes":""},"categories":[1],"tags":[],"class_list":["post-15759","post","type-post","status-publish","format-standard","has-post-thumbnail","hentry","category-cronica"],"_links":{"self":[{"href":"https:\/\/www.radiopresidenteibanez.cl\/web\/wp-json\/wp\/v2\/posts\/15759","targetHints":{"allow":["GET"]}}],"collection":[{"href":"https:\/\/www.radiopresidenteibanez.cl\/web\/wp-json\/wp\/v2\/posts"}],"about":[{"href":"https:\/\/www.radiopresidenteibanez.cl\/web\/wp-json\/wp\/v2\/types\/post"}],"author":[{"embeddable":true,"href":"https:\/\/www.radiopresidenteibanez.cl\/web\/wp-json\/wp\/v2\/users\/2"}],"replies":[{"embeddable":true,"href":"https:\/\/www.radiopresidenteibanez.cl\/web\/wp-json\/wp\/v2\/comments?post=15759"}],"version-history":[{"count":0,"href":"https:\/\/www.radiopresidenteibanez.cl\/web\/wp-json\/wp\/v2\/posts\/15759\/revisions"}],"wp:featuredmedia":[{"embeddable":true,"href":"https:\/\/www.radiopresidenteibanez.cl\/web\/wp-json\/wp\/v2\/media\/15760"}],"wp:attachment":[{"href":"https:\/\/www.radiopresidenteibanez.cl\/web\/wp-json\/wp\/v2\/media?parent=15759"}],"wp:term":[{"taxonomy":"category","embeddable":true,"href":"https:\/\/www.radiopresidenteibanez.cl\/web\/wp-json\/wp\/v2\/categories?post=15759"},{"taxonomy":"post_tag","embeddable":true,"href":"https:\/\/www.radiopresidenteibanez.cl\/web\/wp-json\/wp\/v2\/tags?post=15759"}],"curies":[{"name":"wp","href":"https:\/\/api.w.org\/{rel}","templated":true}]}}