{"id":15755,"date":"2020-11-05T23:27:36","date_gmt":"2020-11-05T23:27:36","guid":{"rendered":"https:\/\/www.radiopresidenteibanez.cl\/web\/?p=15755"},"modified":"2020-11-05T23:27:40","modified_gmt":"2020-11-05T23:27:40","slug":"la-voz-del-sur-online-no-tiene-relacion-con-la-original-radio-que-llevo-ese-nombre","status":"publish","type":"post","link":"https:\/\/www.radiopresidenteibanez.cl\/web\/la-voz-del-sur-online-no-tiene-relacion-con-la-original-radio-que-llevo-ese-nombre\/","title":{"rendered":"\u201cLA VOZ DEL SUR\u201d  ONLINE , NO TIENE RELACI\u00d3N CON LA ORIGINAL RADIO QUE LLEV\u00d3 ESE NOMBRE"},"content":{"rendered":"\n<p>Las abajo firmantes\nsomos las hijas de Daniel Ruiz Oyarzo, reconocido locutor de Magallanes,\nfallecido el a\u00f1o 2006.<\/p>\n\n\n\n<p>Dentro de la amplia\ncarrera desarrollada por nuestro padre, sin lugar a dudas una de ellas fue su\nparticipaci\u00f3n en la desaparecida Radio La Voz del Sur, de la que lleg\u00f3 a ser\nDirector y socio propietario junto a Mario Galetovic Sapunar, Carlos Gonz\u00e1lez Jaksic,\nOscar Mayorga Paredes,&nbsp; Ren\u00e9 Formantel\nD\u00edaz y Nestor Navarro Alvarado, a trav\u00e9s de la sociedad denominada \u201cRuiz y\nCompa\u00f1\u00eda Ltda\u201d.<\/p>\n\n\n\n<p>Este grupo de\ntrabajadores de la radio, logr\u00f3 levantar un medio de comunicaci\u00f3n que llegaba a\nsu audiencia con variada programaci\u00f3n seriamente dise\u00f1ada. As\u00ed se contaba con\nprogramas juveniles, deportivos, noticiero, musicales, radio teatro y\ngrandiosas campa\u00f1as solidarias.<\/p>\n\n\n\n<p>El 11 de septiembre\nde 1973, seg\u00fan el relato del propio Daniel Ruiz: &#8230;\u201clos estudios de la Radio\nfueron asaltados. \u201cValientes\u201d soldados cortaban cables y destru\u00edan cuanto\nencontraban a su paso, buscando \u201clas armas\u201d, que s\u00f3lo existieron en su enferma\ncabeza. Hasta hoy, La Voz del Sur, como miles de chilenos, es una\n\u201cdesaparecida\u201d m\u00e1s, nadie ha dicho una palabra de este atropello a la propiedad\nprivada, a este robo\u2026\u201d.<\/p>\n\n\n\n<p>Agregaba en su\nrelato Daniel Ruiz: \u2026\u201cNuestros sue\u00f1os fueron ahogados en sangre,&nbsp; yo y casi todos mis compa\u00f1eros fuimos a dar a\nlos campos de concentraci\u00f3n donde se nos tortur\u00f3 salvajemente\u201d. \u201cEl Estado\nChileno no ha respondido por los da\u00f1os causados a un grupo de trabajadores de\nLA RADIO, que lo \u00fanico que hizo fue so\u00f1ar en d\u00edas mejores y en una sociedad\nmejor a la que tanta falta le hace hoy, la presencia de LA VOZ DEL SUR&#8230;<\/p>\n\n\n\n<p>Como hijas, de\nDaniel Ruiz Oyarzo, queremos se\u00f1alar con absoluta claridad y mucha firmeza, que\nno tenemos relaci\u00f3n alguna con el proyecto radial que est\u00e1 usando el nombre de\nla prestigiosa Radio La Voz del Sur.<\/p>\n\n\n\n<p>No tenemos relaci\u00f3n\ncon la idea, ni en la l\u00ednea editorial, ninguna relaci\u00f3n financiera,\nabsolutamente nada nos hace parte de esta iniciativa que ha usurpado el nombre\nde la anta\u00f1o prestigiosa radio, donde hicieron su aporte, no s\u00f3lo connotados\nhombres y mujeres de radio de Magallanes, como Juan Martinic, Cocho C\u00e1rcamo, Jorge\nBabarovic, Vladimiro&nbsp; Mimica, Mar\u00eda\nVelic, s\u00f3lo por nombrar algunos, sino tambi\u00e9n lo hicieron&nbsp; grandes personajes de la historia radial de\nnuestro pa\u00eds e incluso del extranjero, como Jos\u00e9 Miguel Varas o Ren\u00e9 Largo\nFar\u00edas.<\/p>\n\n\n\n<p>La radio la Voz del\nSur fue un gran baluarte de las comunicaciones que fue ferozmente silenciada\npor la dictadura c\u00edvico militar. Un proyecto donde trabajadores de la propia\nradio se hicieron cargo de su administraci\u00f3n, un proyecto que estuvo a la\naltura de las necesidades de la \u00e9poca y de las condiciones pol\u00edticas y sociales\ndel pa\u00eds, \u00absiendo un importante aporte al desarrollo del gobierno de la\nUnidad Popular\u00bb.<\/p>\n\n\n\n<p>Por todo lo antes\nse\u00f1alado, estamos muy lejos de ser part\u00edcipes de forma alguna de la iniciativa\nque se est\u00e1 llevando a cabo con el nombre de la Voz Del Sur y que en este\nmomento sale al aire v\u00eda online.<\/p>\n\n\n\n<p>Por otra parte,\ncabe se\u00f1alar, que existe una demanda que ha sido acogida y declarada admisible\npor la comisi\u00f3n Interamericana de Derechos Humanos.<\/p>\n","protected":false},"excerpt":{"rendered":"<p>Las abajo firmantes somos las hijas de Daniel Ruiz Oyarzo, reconocido locutor de Magallanes, fallecido el a\u00f1o 2006. Dentro de la amplia carrera desarrollada por nuestro padre, sin lugar a&#8230; <a class=\"read-more\" href=\"https:\/\/www.radiopresidenteibanez.cl\/web\/la-voz-del-sur-online-no-tiene-relacion-con-la-original-radio-que-llevo-ese-nombre\/\">Leer m\u00e1s<\/a><\/p>\n","protected":false},"author":2,"featured_media":15756,"comment_status":"closed","ping_status":"closed","sticky":false,"template":"","format":"standard","meta":{"footnotes":""},"categories":[1],"tags":[],"class_list":["post-15755","post","type-post","status-publish","format-standard","has-post-thumbnail","hentry","category-cronica"],"_links":{"self":[{"href":"https:\/\/www.radiopresidenteibanez.cl\/web\/wp-json\/wp\/v2\/posts\/15755","targetHints":{"allow":["GET"]}}],"collection":[{"href":"https:\/\/www.radiopresidenteibanez.cl\/web\/wp-json\/wp\/v2\/posts"}],"about":[{"href":"https:\/\/www.radiopresidenteibanez.cl\/web\/wp-json\/wp\/v2\/types\/post"}],"author":[{"embeddable":true,"href":"https:\/\/www.radiopresidenteibanez.cl\/web\/wp-json\/wp\/v2\/users\/2"}],"replies":[{"embeddable":true,"href":"https:\/\/www.radiopresidenteibanez.cl\/web\/wp-json\/wp\/v2\/comments?post=15755"}],"version-history":[{"count":0,"href":"https:\/\/www.radiopresidenteibanez.cl\/web\/wp-json\/wp\/v2\/posts\/15755\/revisions"}],"wp:featuredmedia":[{"embeddable":true,"href":"https:\/\/www.radiopresidenteibanez.cl\/web\/wp-json\/wp\/v2\/media\/15756"}],"wp:attachment":[{"href":"https:\/\/www.radiopresidenteibanez.cl\/web\/wp-json\/wp\/v2\/media?parent=15755"}],"wp:term":[{"taxonomy":"category","embeddable":true,"href":"https:\/\/www.radiopresidenteibanez.cl\/web\/wp-json\/wp\/v2\/categories?post=15755"},{"taxonomy":"post_tag","embeddable":true,"href":"https:\/\/www.radiopresidenteibanez.cl\/web\/wp-json\/wp\/v2\/tags?post=15755"}],"curies":[{"name":"wp","href":"https:\/\/api.w.org\/{rel}","templated":true}]}}