{"id":15752,"date":"2020-11-06T05:10:53","date_gmt":"2020-11-06T05:10:53","guid":{"rendered":"https:\/\/www.radiopresidenteibanez.cl\/web\/?p=15752"},"modified":"2020-11-05T23:18:11","modified_gmt":"2020-11-05T23:18:11","slug":"empresa-portuaria-austral-y-par-explora-magallanes-invitan-a-conversatorio-en-dia-del-patrimonio-cultural-regional-2020","status":"publish","type":"post","link":"https:\/\/www.radiopresidenteibanez.cl\/web\/empresa-portuaria-austral-y-par-explora-magallanes-invitan-a-conversatorio-en-dia-del-patrimonio-cultural-regional-2020\/","title":{"rendered":"EMPRESA PORTUARIA AUSTRAL Y PAR EXPLORA MAGALLANES INVITAN A CONVERSATORIO  EN D\u00cdA DEL PATRIMONIO CULTURAL REGIONAL 2020"},"content":{"rendered":"\n<p>Este s\u00e1bado 7 de noviembre a las 17:00 horas se emitir\u00e1 el conversatorio \u201cMagallanes: Rumbo a buen puerto\u201d, organizado por la Empresa Portuaria Austral y PAR Explora Magallanes de la Umag.&nbsp;<\/p>\n\n\n\n<p>La actividad ser\u00e1 transmitida por el canal de Youtube de PAR Explora Magallanes y por Facebook Live a trav\u00e9s de la Fanpage de Ventana Cultural de la Universidad de Magallanes.&nbsp;<\/p>\n\n\n\n<p>En la conversaci\u00f3n, que ser\u00e1 conducida por la periodista Cindy Galaz de PAR Explora Magallanes, participar\u00e1n la Coordinadora de Docencia del Centro de Investigaci\u00f3n Gaia Ant\u00e1rtica, MSc Magaly Vera Palacios; el gerente general de la Empresa Portuaria Austral, Rodrigo Pommiez Aravena, y el Encargado del \u00c1rea de Curadur\u00eda del Museo del Recuerdo, MSc Rodrigo Gonz\u00e1lez Vivar.&nbsp;&nbsp;<\/p>\n\n\n\n<p>Entre los temas que se abordar\u00e1n, destacan:&nbsp;Pueblos originarios, poblamiento del territorio desde el mar; Primeros muelles e historia portuaria de Punta Arenas; Expediciones cient\u00edficas y ant\u00e1rticas; Actividades presentes en el \u00abPabell\u00f3n Mar\u00edtimo\u00bb del Museo del Recuerdo; Importancia del territorio en la generaci\u00f3n de conocimientos y educaci\u00f3n, y Proyecciones de desarrollo.&nbsp;<\/p>\n\n\n\n<p>La Directora de PAR Explora Magallanes, Claudia Salinas Breskovic, expres\u00f3 su satisfacci\u00f3n por el desarrollo de la actividad, pues \u201cpara nosotros no solo es importante darle \u00e9nfasis a la ciencia y la tecnolog\u00eda, sino tambi\u00e9n al patrimonio y cultura de nuestro territorio. Es por eso que en esta oportunidad hemos trabajado en conjunto con la Empresa Portuaria Austral para organizar esta actividad a la que hemos invitado al Centro de Investigaci\u00f3n Gaia Ant\u00e1rtica y al Museo del Recuerdo del Instituto de la Patagonia, para ofrecer a la comunidad un conversatorio que recorre parte de la historia portuaria de Punta Arenas y su influencia en el desarrollo econ\u00f3mico, cultural y cient\u00edfico\u201d.&nbsp;<\/p>\n\n\n\n<p>A su juicio, es relevante que \u201cla comunidad conozca haza\u00f1as importantes a nivel mundial, como la que llev\u00f3 adelante el Piloto Luis Pardo en Ant\u00e1rtica hace m\u00e1s de un siglo. Queremos apoyar la difusi\u00f3n de estos eventos, para relevar el rol de la comunicaci\u00f3n y comercio mar\u00edtimo en el desarrollo econ\u00f3mico y manufacturero de la regi\u00f3n, tan importante hasta los d\u00edas de hoy\u201d.&nbsp;<\/p>\n\n\n\n<p>Por su parte, el gerente general de Epaustral, Rodrigo Pommiez Aravena, destac\u00f3 que \u201ccon esta actividad, hemos iniciado la colaboraci\u00f3n con PAR Explora Magallanes, pues estamos conscientes de la necesidad de reforzar nuestro v\u00ednculo con la comunidad. Nos interesa continuar realizando actividades de difusi\u00f3n del quehacer mar\u00edtimo portuario regional, que si bien por las condiciones sanitarias que enfrentamos actualmente deben ser en formato virtual, esperamos que a futuro puedan desarrollarse de manera presencial\u201d.&nbsp;<\/p>\n\n\n\n<p><strong>Programaci\u00f3n 2020&nbsp;<\/strong><\/p>\n\n\n\n<p>En esta ocasi\u00f3n, las actividades del D\u00eda del Patrimonio Cultural Regional 2020 est\u00e1n vinculadas a contenidos ligados al estrecho de Magallanes y al continente ant\u00e1rtico, con la mirada puesta en los 500 a\u00f1os del paso de Fernando de Magallanes por territorio austral y a 200 a\u00f1os de las primeras expediciones polares a la Ant\u00e1rtica.&nbsp;<\/p>\n\n\n\n<p>El D\u00eda Regional del Patrimonio Cultural fue instaurado en 2014, acogiendo el inter\u00e9s de los magall\u00e1nicos por las actividades programadas en el marco del D\u00eda del Patrimonio Cultural Nacional. Si bien tradicionalmente se realiza el domingo m\u00e1s cercano al D\u00eda de la Regi\u00f3n (21 de octubre), este a\u00f1o debi\u00f3 reprogramarse por la realizaci\u00f3n del plebiscito.&nbsp;<\/p>\n\n\n\n<p>M\u00e1s detalle sobre las actividades en&nbsp;<a href=\"http:\/\/www.facebook.com\/DiadelPatrimonioMagallanes\" target=\"_blank\" rel=\"noreferrer noopener\">www.facebook.com\/DiadelPatrimonioMagallanes<\/a><\/p>\n","protected":false},"excerpt":{"rendered":"<p>Este s\u00e1bado 7 de noviembre a las 17:00 horas se emitir\u00e1 el conversatorio \u201cMagallanes: Rumbo a buen puerto\u201d, organizado por la Empresa Portuaria Austral y PAR Explora Magallanes de la&#8230; <a class=\"read-more\" href=\"https:\/\/www.radiopresidenteibanez.cl\/web\/empresa-portuaria-austral-y-par-explora-magallanes-invitan-a-conversatorio-en-dia-del-patrimonio-cultural-regional-2020\/\">Leer m\u00e1s<\/a><\/p>\n","protected":false},"author":2,"featured_media":15753,"comment_status":"closed","ping_status":"closed","sticky":false,"template":"","format":"standard","meta":{"footnotes":""},"categories":[1],"tags":[],"class_list":["post-15752","post","type-post","status-publish","format-standard","has-post-thumbnail","hentry","category-cronica"],"_links":{"self":[{"href":"https:\/\/www.radiopresidenteibanez.cl\/web\/wp-json\/wp\/v2\/posts\/15752","targetHints":{"allow":["GET"]}}],"collection":[{"href":"https:\/\/www.radiopresidenteibanez.cl\/web\/wp-json\/wp\/v2\/posts"}],"about":[{"href":"https:\/\/www.radiopresidenteibanez.cl\/web\/wp-json\/wp\/v2\/types\/post"}],"author":[{"embeddable":true,"href":"https:\/\/www.radiopresidenteibanez.cl\/web\/wp-json\/wp\/v2\/users\/2"}],"replies":[{"embeddable":true,"href":"https:\/\/www.radiopresidenteibanez.cl\/web\/wp-json\/wp\/v2\/comments?post=15752"}],"version-history":[{"count":0,"href":"https:\/\/www.radiopresidenteibanez.cl\/web\/wp-json\/wp\/v2\/posts\/15752\/revisions"}],"wp:featuredmedia":[{"embeddable":true,"href":"https:\/\/www.radiopresidenteibanez.cl\/web\/wp-json\/wp\/v2\/media\/15753"}],"wp:attachment":[{"href":"https:\/\/www.radiopresidenteibanez.cl\/web\/wp-json\/wp\/v2\/media?parent=15752"}],"wp:term":[{"taxonomy":"category","embeddable":true,"href":"https:\/\/www.radiopresidenteibanez.cl\/web\/wp-json\/wp\/v2\/categories?post=15752"},{"taxonomy":"post_tag","embeddable":true,"href":"https:\/\/www.radiopresidenteibanez.cl\/web\/wp-json\/wp\/v2\/tags?post=15752"}],"curies":[{"name":"wp","href":"https:\/\/api.w.org\/{rel}","templated":true}]}}