{"id":15750,"date":"2020-11-06T05:08:36","date_gmt":"2020-11-06T05:08:36","guid":{"rendered":"https:\/\/www.radiopresidenteibanez.cl\/web\/?p=15750"},"modified":"2020-11-05T23:10:33","modified_gmt":"2020-11-05T23:10:33","slug":"diputado-gabriel-boric-solicita-bono-para-magallanes-y-apertura-progresiva-del-comercio-y-fuentes-laborales-como-medida-de-contencion-a-la-crisis-economica-por-covid-19","status":"publish","type":"post","link":"https:\/\/www.radiopresidenteibanez.cl\/web\/diputado-gabriel-boric-solicita-bono-para-magallanes-y-apertura-progresiva-del-comercio-y-fuentes-laborales-como-medida-de-contencion-a-la-crisis-economica-por-covid-19\/","title":{"rendered":"DIPUTADO GABRIEL BORIC SOLICITA BONO PARA MAGALLANES Y APERTURA PROGRESIVA DEL COMERCIO Y FUENTES LABORALES COMO MEDIDA DE CONTENCI\u00d3N A LA CRISIS ECON\u00d3MICA POR COVID-19"},"content":{"rendered":"\n<p>\n\nCuando Magallanes est\u00e1 a punto de llegar a 11 semanas en cuarentena por la segunda ola de contagios por covid-19, la crisis econ\u00f3mica se agudiza en la regi\u00f3n.&nbsp;<\/p>\n\n\n\n<p>A trav\u00e9s de una declaraci\u00f3n p\u00fablica, el diputado por Magallanes, Gabriel Boric, exigi\u00f3 al Gobierno medidas concretas que ayuden econ\u00f3micamente a magall\u00e1nicos y magall\u00e1nicas.<\/p>\n\n\n\n<p>Como antecedentes, en el mes de agosto la cifra de desempleo en la regi\u00f3n alcanz\u00f3 el 8,6%, m\u00e1s del doble si se compara con el 4% del &nbsp;trimestre agosto-octubre del a\u00f1o anterior. El sector turismo que representa el 9,5% del PIB regional, se ha movilizado esta semana exigiendo poder trabajar debido a lo extenuante de la prolongada cuarentena.&nbsp;<\/p>\n\n\n\n<p>Durante estos meses, el diputado Boric ha realizado diversas gestiones con autoridades nacionales y regionales para mejorar las condiciones de la regi\u00f3n en t\u00e9rminos econ\u00f3micos. En la declaraci\u00f3n afirma que \u201cdesde junio solicitamos un plan econ\u00f3mico especial para la regi\u00f3n de Magallanes, tanto en reuniones con autoridades regionales como la seremi de Econom\u00eda, Natalia Easton, y la Intendenta Jennifer Rojas; as\u00ed como con autoridades nacionales como la subsecretaria de Salud P\u00fablica, Paula Daza y la subsecretaria de Prevenci\u00f3n del Delito, Katherine Martorell\u201d. Adem\u00e1s de gestiones con el ministro de Econom\u00eda, Lucas Palacios: \u201cLe solicitamos un plan de salvataje para el sector turismo y gastron\u00f3mico debido a las dificultades e incertidumbres para el sector\u201d. A eso se suma que \u201cen septiembre le enviamos una carta al Presidente de la Rep\u00fablica, solicitando un bono de 500 mil pesos para el 80% de las familias magall\u00e1nicas. Estas acciones han tenido una respuesta insuficiente por parte de las autoridades\u201d.<\/p>\n\n\n\n<p>En tres puntos concretos, el diputado de Convergencia Social exigi\u00f3: \u201cEntrega de una transferencia directa de $500.000 para paliar los efectos de la prolongada cuarentena a todo n\u00facleo familiar residente en la regi\u00f3n de Magallanes parte del 80% m\u00e1s vulnerable seg\u00fan datos del SII sin mediar el Registro Social de Hogares que ha demostrado ser una herramienta deficiente para abordar la magnitud de la crisis actual; apertura progresiva del comercio y fuentes laborales con todos los resguardos sanitarios correspondientes e informar cu\u00e1l ser\u00e1 la fecha de t\u00e9rmino de la cuarentena prolongada, con criterios y protocolos claros que permitan a las personas tener claro cu\u00e1les son los riesgos y las medidas que deben mantenerse para que no vuelva a aumentar el n\u00famero de casos\u201d.\n\n<\/p>\n","protected":false},"excerpt":{"rendered":"<p>Cuando Magallanes est\u00e1 a punto de llegar a 11 semanas en cuarentena por la segunda ola de contagios por covid-19, la crisis econ\u00f3mica se agudiza en la regi\u00f3n.&nbsp; A trav\u00e9s&#8230; <a class=\"read-more\" href=\"https:\/\/www.radiopresidenteibanez.cl\/web\/diputado-gabriel-boric-solicita-bono-para-magallanes-y-apertura-progresiva-del-comercio-y-fuentes-laborales-como-medida-de-contencion-a-la-crisis-economica-por-covid-19\/\">Leer m\u00e1s<\/a><\/p>\n","protected":false},"author":2,"featured_media":14505,"comment_status":"closed","ping_status":"closed","sticky":false,"template":"","format":"standard","meta":{"footnotes":""},"categories":[1],"tags":[],"class_list":["post-15750","post","type-post","status-publish","format-standard","has-post-thumbnail","hentry","category-cronica"],"_links":{"self":[{"href":"https:\/\/www.radiopresidenteibanez.cl\/web\/wp-json\/wp\/v2\/posts\/15750","targetHints":{"allow":["GET"]}}],"collection":[{"href":"https:\/\/www.radiopresidenteibanez.cl\/web\/wp-json\/wp\/v2\/posts"}],"about":[{"href":"https:\/\/www.radiopresidenteibanez.cl\/web\/wp-json\/wp\/v2\/types\/post"}],"author":[{"embeddable":true,"href":"https:\/\/www.radiopresidenteibanez.cl\/web\/wp-json\/wp\/v2\/users\/2"}],"replies":[{"embeddable":true,"href":"https:\/\/www.radiopresidenteibanez.cl\/web\/wp-json\/wp\/v2\/comments?post=15750"}],"version-history":[{"count":0,"href":"https:\/\/www.radiopresidenteibanez.cl\/web\/wp-json\/wp\/v2\/posts\/15750\/revisions"}],"wp:featuredmedia":[{"embeddable":true,"href":"https:\/\/www.radiopresidenteibanez.cl\/web\/wp-json\/wp\/v2\/media\/14505"}],"wp:attachment":[{"href":"https:\/\/www.radiopresidenteibanez.cl\/web\/wp-json\/wp\/v2\/media?parent=15750"}],"wp:term":[{"taxonomy":"category","embeddable":true,"href":"https:\/\/www.radiopresidenteibanez.cl\/web\/wp-json\/wp\/v2\/categories?post=15750"},{"taxonomy":"post_tag","embeddable":true,"href":"https:\/\/www.radiopresidenteibanez.cl\/web\/wp-json\/wp\/v2\/tags?post=15750"}],"curies":[{"name":"wp","href":"https:\/\/api.w.org\/{rel}","templated":true}]}}