{"id":15747,"date":"2020-11-06T04:31:23","date_gmt":"2020-11-06T04:31:23","guid":{"rendered":"https:\/\/www.radiopresidenteibanez.cl\/web\/?p=15747"},"modified":"2020-11-05T23:08:35","modified_gmt":"2020-11-05T23:08:35","slug":"magallanes-sernapesca-realiza-difusion-a-caletas-aisladas-a-traves-de-medio-digital-radio-navarino","status":"publish","type":"post","link":"https:\/\/www.radiopresidenteibanez.cl\/web\/magallanes-sernapesca-realiza-difusion-a-caletas-aisladas-a-traves-de-medio-digital-radio-navarino\/","title":{"rendered":"MAGALLANES: SERNAPESCA REALIZA DIFUSI\u00d3N A CALETAS AISLADAS A TRAV\u00c9S DE MEDIO DIGITAL RADIO NAVARINO"},"content":{"rendered":"\n<p>En el marco del pilar estrat\u00e9gico de vinculaci\u00f3n con los usuarios, con foco especial en la atenci\u00f3n a la pesca artesanal, el Servicio Nacional de Pesca y Acuicultura en la oficina de Puerto Williams, regi\u00f3n de Magallanes, realiza difusi\u00f3n a caletas pesqueras remotas a trav\u00e9s del medio digital Radio Navarino. La iniciativa es realizada por el Encargado de Oficina Diego Illanes.<\/p>\n\n\n\n<p>\u00abCuando hay situaciones relevantes para informar como vedas, apertura y cierre de cuotas, proyectos, actividades o contingencias, tenemos la oportunidad de salir a difundir a la comunidad a trav\u00e9s de este medio que tambi\u00e9n cuenta con un canal de tv.\u00bb Asegur\u00f3 el Encargado de oficina de Puerto Williams.<\/p>\n\n\n\n<p>Con un promedio de 6 programas al a\u00f1o, el Servicio Nacional de Pesca y Acuicultura llega hasta las caletas m\u00e1s australes del mundo, entregando informaci\u00f3n \u00fatil a las y los usuarios de la pesca artesanal, pudiendo difundir sobre el sistema de atenci\u00f3n a usuarios, trazabilidad, Registro Pesquero Artesanal, situaci\u00f3n de la pesca artesanal durante la pandemia por Covid-19, entre otros temas.&nbsp;<\/p>\n\n\n\n<p>En la \u00faltima instancia, el funcionario de Sernapesca aprovech\u00f3 este canal de comunicaci\u00f3n para informar sobre el destino de las osamentas de las ballenas Sei que vararon en el verano en la bah\u00eda de Puerto Williams. Los restos de las ballenas se encuentran en proceso de secado y limpieza por parte del museo Martin Gusinde en Puerto Williams, para luego ser exhibidas a la comunidad.<\/p>\n\n\n\n<p>Esta iniciativa, sin duda se adapta a los tiempos de pandemia, y de este modo Sernapesca sigue estando cerca y en contacto con sus usuarios.<\/p>\n","protected":false},"excerpt":{"rendered":"<p>En el marco del pilar estrat\u00e9gico de vinculaci\u00f3n con los usuarios, con foco especial en la atenci\u00f3n a la pesca artesanal, el Servicio Nacional de Pesca y Acuicultura en la&#8230; <a class=\"read-more\" href=\"https:\/\/www.radiopresidenteibanez.cl\/web\/magallanes-sernapesca-realiza-difusion-a-caletas-aisladas-a-traves-de-medio-digital-radio-navarino\/\">Leer m\u00e1s<\/a><\/p>\n","protected":false},"author":2,"featured_media":15748,"comment_status":"closed","ping_status":"closed","sticky":false,"template":"","format":"standard","meta":{"footnotes":""},"categories":[1],"tags":[],"class_list":["post-15747","post","type-post","status-publish","format-standard","has-post-thumbnail","hentry","category-cronica"],"_links":{"self":[{"href":"https:\/\/www.radiopresidenteibanez.cl\/web\/wp-json\/wp\/v2\/posts\/15747","targetHints":{"allow":["GET"]}}],"collection":[{"href":"https:\/\/www.radiopresidenteibanez.cl\/web\/wp-json\/wp\/v2\/posts"}],"about":[{"href":"https:\/\/www.radiopresidenteibanez.cl\/web\/wp-json\/wp\/v2\/types\/post"}],"author":[{"embeddable":true,"href":"https:\/\/www.radiopresidenteibanez.cl\/web\/wp-json\/wp\/v2\/users\/2"}],"replies":[{"embeddable":true,"href":"https:\/\/www.radiopresidenteibanez.cl\/web\/wp-json\/wp\/v2\/comments?post=15747"}],"version-history":[{"count":0,"href":"https:\/\/www.radiopresidenteibanez.cl\/web\/wp-json\/wp\/v2\/posts\/15747\/revisions"}],"wp:featuredmedia":[{"embeddable":true,"href":"https:\/\/www.radiopresidenteibanez.cl\/web\/wp-json\/wp\/v2\/media\/15748"}],"wp:attachment":[{"href":"https:\/\/www.radiopresidenteibanez.cl\/web\/wp-json\/wp\/v2\/media?parent=15747"}],"wp:term":[{"taxonomy":"category","embeddable":true,"href":"https:\/\/www.radiopresidenteibanez.cl\/web\/wp-json\/wp\/v2\/categories?post=15747"},{"taxonomy":"post_tag","embeddable":true,"href":"https:\/\/www.radiopresidenteibanez.cl\/web\/wp-json\/wp\/v2\/tags?post=15747"}],"curies":[{"name":"wp","href":"https:\/\/api.w.org\/{rel}","templated":true}]}}