{"id":15742,"date":"2020-11-06T04:30:47","date_gmt":"2020-11-06T04:30:47","guid":{"rendered":"https:\/\/www.radiopresidenteibanez.cl\/web\/?p=15742"},"modified":"2020-11-05T18:16:17","modified_gmt":"2020-11-05T18:16:17","slug":"ministra-de-desarrollo-social-y-familia-invita-a-los-magallanicos-a-participar-de-la-encuesta-casen-en-pandemia-2020","status":"publish","type":"post","link":"https:\/\/www.radiopresidenteibanez.cl\/web\/ministra-de-desarrollo-social-y-familia-invita-a-los-magallanicos-a-participar-de-la-encuesta-casen-en-pandemia-2020\/","title":{"rendered":"MINISTRA DE DESARROLLO SOCIAL Y FAMILIA INVITA A LOS MAGALL\u00c1NICOS A PARTICIPAR DE LA ENCUESTA CASEN EN PANDEMIA 2020"},"content":{"rendered":"\n<p>A ra\u00edz de la emergencia sanitaria este a\u00f1o la Encuesta de Caracterizaci\u00f3n Socioecon\u00f3mica Nacional (Casen), a cargo del Ministerio de Desarrollo Social y Familia, comenz\u00f3 a aplicarse por primera vez bajo la metodolog\u00eda mixta secuencial, para resguardar la salud de los encuestadores y las familias.<\/p>\n\n\n\n<p>Para tener un mejor acercamiento y generar confianza, el 21 de septiembre comenz\u00f3 la etapa presencial de pre contacto con los hogares seleccionados en la muestra, a quienes desde el 31 de octubre y hasta el 31 de enero se les aplicar\u00e1 de forma telef\u00f3nica un cuestionario reducido.<\/p>\n\n\n\n<p>Casen es la encuesta de hogares m\u00e1s importante a nivel nacional que permite identificar a aquellos grupos y territorios que hoy enfrentan carencias o situaciones de vulnerabilidad, midiendo la pobreza por ingresos y algunos indicadores de la pobreza multidimensional, como malnutrici\u00f3n, ocupaci\u00f3n, hacinamiento, entre otros.<\/p>\n\n\n\n<p>La Ministra de Desarrollo Social y Familia, Karla Rubilar explic\u00f3 que \u201cya son m\u00e1s de 63 mil los hogares de todo el pa\u00eds que han accedido a participar de este proceso. Queremos agradecerles por su compromiso y tambi\u00e9n queremos redoblar el llamado a participar, a ser parte de esta encuesta tan necesaria para el dise\u00f1o de las pol\u00edticas p\u00fablicas de nuestro pa\u00eds. A la fecha las regiones con mayores niveles de rechazo son Magallanes y Arica y Parinacota, por lo que hacemos un llamado m\u00e1s sentido a estos hogares, ya que necesitamos de la ayuda de todos para poder lograr un proceso exitoso que nos permita identificar con claridad las carencias y dificultades que enfrentamos hoy como sociedad\u201d.<\/p>\n\n\n\n<p>A su vez, la Seremi de Desarrollo Social y Familia, Liz Casanueva manifest\u00f3 que \u201cqueremos llegar a 3.102 hogares de las comunas de Natales, Porvenir y Punta Arenas, sin embargo s\u00f3lo hemos logrado tener contacto telef\u00f3nico de 1.585 casas, lo que representa un estado de avance de 51,1%. Las visitas a terreno en todas las regiones comenzaron el 21 de septiembre y se extender\u00e1 hasta diciembre, a excepci\u00f3n de 22 comunas catalogadas como \u00e1reas de dif\u00edcil acceso por el Instituto Nacional de Estad\u00edsticas (INE), dentro de las cuales se ubican Laguna Blanca, R\u00edo Verde, San Gregorio, Cabo de Hornos, Ant\u00e1rtica, Primavera, Timaukel y Torres del Paine\u201d.<\/p>\n\n\n\n<p>Finalmente, la tercera fase considera la aplicaci\u00f3n de cuestionario presencial en los casos que alg\u00fan grupo espec\u00edfico de la poblaci\u00f3n no haya sido posible contactar de manera telef\u00f3nica. Esto depender\u00e1 adem\u00e1s de las restricciones sanitarias que existan en cada territorio en ese momento. Dicho proceso se definir\u00e1 en diciembre de 2020.<\/p>\n\n\n\n<p>Casen est\u00e1 a cargo del Ministerio de Desarrollo Social y Familia, espec\u00edficamente por la Divisi\u00f3n de Observatorio Social, perteneciente a la Subsecretar\u00eda de Evaluaci\u00f3n Social. En su versi\u00f3n 2020 se ejecutar\u00e1 por segunda vez junto al Centro de Encuestas y Estudios Longitudinales de la Pontificia Universidad Cat\u00f3lica de Chile.<\/p>\n\n\n\n<p>Los encuestadores ser\u00e1n contratados por la Universidad Cat\u00f3lica y las familias podr\u00e1n siempre exigir la credencial y carta institucional de los encuestadores, pudiendo verificar la identidad de ellos en el sitio&nbsp;<a href=\"https:\/\/casenpandemia2020.cl\/\" target=\"_blank\" rel=\"noreferrer noopener\">https:\/\/casenpandemia2020.cl\/<\/a><\/p>\n","protected":false},"excerpt":{"rendered":"<p>A ra\u00edz de la emergencia sanitaria este a\u00f1o la Encuesta de Caracterizaci\u00f3n Socioecon\u00f3mica Nacional (Casen), a cargo del Ministerio de Desarrollo Social y Familia, comenz\u00f3 a aplicarse por primera vez&#8230; <a class=\"read-more\" href=\"https:\/\/www.radiopresidenteibanez.cl\/web\/ministra-de-desarrollo-social-y-familia-invita-a-los-magallanicos-a-participar-de-la-encuesta-casen-en-pandemia-2020\/\">Leer m\u00e1s<\/a><\/p>\n","protected":false},"author":2,"featured_media":15743,"comment_status":"closed","ping_status":"closed","sticky":false,"template":"","format":"standard","meta":{"footnotes":""},"categories":[1],"tags":[],"class_list":["post-15742","post","type-post","status-publish","format-standard","has-post-thumbnail","hentry","category-cronica"],"_links":{"self":[{"href":"https:\/\/www.radiopresidenteibanez.cl\/web\/wp-json\/wp\/v2\/posts\/15742","targetHints":{"allow":["GET"]}}],"collection":[{"href":"https:\/\/www.radiopresidenteibanez.cl\/web\/wp-json\/wp\/v2\/posts"}],"about":[{"href":"https:\/\/www.radiopresidenteibanez.cl\/web\/wp-json\/wp\/v2\/types\/post"}],"author":[{"embeddable":true,"href":"https:\/\/www.radiopresidenteibanez.cl\/web\/wp-json\/wp\/v2\/users\/2"}],"replies":[{"embeddable":true,"href":"https:\/\/www.radiopresidenteibanez.cl\/web\/wp-json\/wp\/v2\/comments?post=15742"}],"version-history":[{"count":0,"href":"https:\/\/www.radiopresidenteibanez.cl\/web\/wp-json\/wp\/v2\/posts\/15742\/revisions"}],"wp:featuredmedia":[{"embeddable":true,"href":"https:\/\/www.radiopresidenteibanez.cl\/web\/wp-json\/wp\/v2\/media\/15743"}],"wp:attachment":[{"href":"https:\/\/www.radiopresidenteibanez.cl\/web\/wp-json\/wp\/v2\/media?parent=15742"}],"wp:term":[{"taxonomy":"category","embeddable":true,"href":"https:\/\/www.radiopresidenteibanez.cl\/web\/wp-json\/wp\/v2\/categories?post=15742"},{"taxonomy":"post_tag","embeddable":true,"href":"https:\/\/www.radiopresidenteibanez.cl\/web\/wp-json\/wp\/v2\/tags?post=15742"}],"curies":[{"name":"wp","href":"https:\/\/api.w.org\/{rel}","templated":true}]}}