{"id":15739,"date":"2020-11-06T04:15:47","date_gmt":"2020-11-06T04:15:47","guid":{"rendered":"https:\/\/www.radiopresidenteibanez.cl\/web\/?p=15739"},"modified":"2020-11-05T18:13:33","modified_gmt":"2020-11-05T18:13:33","slug":"corporacion-de-cultura-turismo-y-patrimonio-presenta-ante-el-concejo-municipal-natales-las-actividades-y-proyectos-ejecutados","status":"publish","type":"post","link":"https:\/\/www.radiopresidenteibanez.cl\/web\/corporacion-de-cultura-turismo-y-patrimonio-presenta-ante-el-concejo-municipal-natales-las-actividades-y-proyectos-ejecutados\/","title":{"rendered":"CORPORACI\u00d3N DE CULTURA, TURISMO Y PATRIMONIO PRESENTA ANTE EL CONCEJO MUNICIPAL NATALES LAS ACTIVIDADES Y PROYECTOS EJECUTADOS"},"content":{"rendered":"\n<p>En la sesi\u00f3n\nordinaria de este mi\u00e9rcoles, el equipo de la Corporaci\u00f3n de Cultura, Turismo y\nPatrimonio de Natales, particip\u00f3 del Concejo Municipal para mostrar las principales\nacciones realizadas por los funcionarios durante estos meses.<\/p>\n\n\n\n<p>Dentro de los puntos m\u00e1s destacados se mencion\u00f3 la creaci\u00f3n de una Unidad\nde Patrimonio, la que permitir\u00e1 canalizar de mejor manera esta \u00e1rea. En segundo\nlugar se coment\u00f3 el inicio del curso para gestores culturales, el cual ense\u00f1a a\nagrupaciones c\u00f3mo deben postular a fondos estatales. <\/p>\n\n\n\n<p>Posteriormente, se present\u00f3 el proyecto de contenidos art\u00edsticos para el\nEspacio Cultural Costanera y la actualizaci\u00f3n del Plan Municipal de Cultura,\nadem\u00e1s de la ejecuci\u00f3n de talleres de guitarra, piano, teatro y expresi\u00f3n\ngr\u00e1fica a partir de diciembre.<\/p>\n\n\n\n<p>El Director Ejecutivo de la Corporaci\u00f3n Municipal, Jos\u00e9 Urra, destac\u00f3 la\nlabor realizada por el equipo de la corporaci\u00f3n, \u201cdurante estos dos a\u00f1os hemos\nsido capaces de ir generando y apoyando actividades emblem\u00e1ticas para la\nciudad, permitiendo fomentar el turismo directamente a Puerto Natales\u201d.<\/p>\n\n\n\n<p>Asimismo, se\u00f1al\u00f3 que independiente de la pandemia la corporaci\u00f3n ha\ncontinuado trabajando, \u201cdesde que comenz\u00f3 la pandemia no hemos estado exentos\nde dificultades, pero independiente de ello logramos traspasar las actividades\npresenciales a virtuales, emitiendo a la comunidad un programa especial\naniversario, talleres deportivos y talleres de cueca, cocina chilena,\nconciertos virtuales y la tradicional Fiesta de la Chilenidad online\u201d.<\/p>\n\n\n\n<p>En el aspecto tur\u00edstico, el encargado de la unidad subray\u00f3 el apoyo\nprestado a las pymes afectadas por el estallido social y la pandemia, y record\u00f3\nel trabajo realizado en el Pladetur 2021 \u2013 2024, la certificaci\u00f3n de sostenibilidad\ndel destino y el desarrollo de la Zona de Inter\u00e9s Tur\u00edstico con la comuna de\nTorres del Paine. <\/p>\n\n\n\n<p>Al finalizar, el Director Ejecutivo mencion\u00f3 al cuerpo de concejales la\ncreaci\u00f3n de una serie de plataformas digitales para la corporaci\u00f3n, las que\nestar\u00e1n activas desde el d\u00eda jueves para cada una de las personas. Todo esto\ncon el fin de fomentar el desarrollo de la cultura, el turismo y el patrimonio\nen la comuna.<\/p>\n","protected":false},"excerpt":{"rendered":"<p>En la sesi\u00f3n ordinaria de este mi\u00e9rcoles, el equipo de la Corporaci\u00f3n de Cultura, Turismo y Patrimonio de Natales, particip\u00f3 del Concejo Municipal para mostrar las principales acciones realizadas por&#8230; <a class=\"read-more\" href=\"https:\/\/www.radiopresidenteibanez.cl\/web\/corporacion-de-cultura-turismo-y-patrimonio-presenta-ante-el-concejo-municipal-natales-las-actividades-y-proyectos-ejecutados\/\">Leer m\u00e1s<\/a><\/p>\n","protected":false},"author":2,"featured_media":15740,"comment_status":"closed","ping_status":"closed","sticky":false,"template":"","format":"standard","meta":{"footnotes":""},"categories":[1],"tags":[],"class_list":["post-15739","post","type-post","status-publish","format-standard","has-post-thumbnail","hentry","category-cronica"],"_links":{"self":[{"href":"https:\/\/www.radiopresidenteibanez.cl\/web\/wp-json\/wp\/v2\/posts\/15739","targetHints":{"allow":["GET"]}}],"collection":[{"href":"https:\/\/www.radiopresidenteibanez.cl\/web\/wp-json\/wp\/v2\/posts"}],"about":[{"href":"https:\/\/www.radiopresidenteibanez.cl\/web\/wp-json\/wp\/v2\/types\/post"}],"author":[{"embeddable":true,"href":"https:\/\/www.radiopresidenteibanez.cl\/web\/wp-json\/wp\/v2\/users\/2"}],"replies":[{"embeddable":true,"href":"https:\/\/www.radiopresidenteibanez.cl\/web\/wp-json\/wp\/v2\/comments?post=15739"}],"version-history":[{"count":0,"href":"https:\/\/www.radiopresidenteibanez.cl\/web\/wp-json\/wp\/v2\/posts\/15739\/revisions"}],"wp:featuredmedia":[{"embeddable":true,"href":"https:\/\/www.radiopresidenteibanez.cl\/web\/wp-json\/wp\/v2\/media\/15740"}],"wp:attachment":[{"href":"https:\/\/www.radiopresidenteibanez.cl\/web\/wp-json\/wp\/v2\/media?parent=15739"}],"wp:term":[{"taxonomy":"category","embeddable":true,"href":"https:\/\/www.radiopresidenteibanez.cl\/web\/wp-json\/wp\/v2\/categories?post=15739"},{"taxonomy":"post_tag","embeddable":true,"href":"https:\/\/www.radiopresidenteibanez.cl\/web\/wp-json\/wp\/v2\/tags?post=15739"}],"curies":[{"name":"wp","href":"https:\/\/api.w.org\/{rel}","templated":true}]}}