{"id":15736,"date":"2020-11-05T18:08:16","date_gmt":"2020-11-05T18:08:16","guid":{"rendered":"https:\/\/www.radiopresidenteibanez.cl\/web\/?p=15736"},"modified":"2020-11-05T18:08:21","modified_gmt":"2020-11-05T18:08:21","slug":"mas-de-5-700-ninos-fueron-inscritos-para-recibir-su-regalo-esta-navidad","status":"publish","type":"post","link":"https:\/\/www.radiopresidenteibanez.cl\/web\/mas-de-5-700-ninos-fueron-inscritos-para-recibir-su-regalo-esta-navidad\/","title":{"rendered":"M\u00c1S DE 5.700 NI\u00d1OS FUERON INSCRITOS PARA RECIBIR SU REGALO ESTA NAVIDAD"},"content":{"rendered":"\n<p>Un total de 5.725 ni\u00f1as y ni\u00f1os de la comuna fueron inscritos para\nrecibir un regalo esta navidad, en el marco de la actividad que se realiza en\ndiciembre por parte de la Municipalidad de Punta Arenas, que este a\u00f1o super\u00f3 en\nun 65% las inscripciones respecto al 2019.<\/p>\n\n\n\n<p>\u201cCreo que superamos las expectativas que nos propusimos de ampliar\nla cobertura para que m\u00e1s ni\u00f1os de nuestra ciudad tengan sus regalos\u201d, afirm\u00f3\nel alcalde, Claudio Radonich, agradeciendo al mismo tiempo a los dirigentes\nvecinales de la comuna.<\/p>\n\n\n\n<p>\u201cQuiero dar gracias a muchos dirigentes vecinales, a la Uni\u00f3n\nComunal Punta Arenas, que desde el primer d\u00eda nos estuvieron colaborando, como\nas\u00ed muchos dirigentes, porque entend\u00edan que el objetivo era que los ni\u00f1os\ntengan su regalo y los n\u00fameros nos indican que pudimos hacerlo de una manera\nordenada, transparente, pero tambi\u00e9n no generando problemas sanitarios, como\nhubiera sido si lo hubi\u00e9semos hecho de manera presencial\u201d, agreg\u00f3.<\/p>\n\n\n\n<p>La autoridad comunal adelant\u00f3 que propondr\u00e1 al Concejo Municipal\nque este proceso de entrega de regalos se replique en los adultos mayores,\nquienes han estado mucho tiempo encerrados producto de la pandemia. \u201cEs un tema\nque creo que es de justicia, poder ir no solamente a los ni\u00f1os, sino a una\ncantidad de adultos mayores que han estado confinados durante muchos meses y\nque la Municipalidad tambi\u00e9n pueda entregarles un peque\u00f1o regalo de navidad,\nque pueden ser juegos de sal\u00f3n, para que se entretengan, que jueguen brisca,\ndomin\u00f3. Creo que es una muy buena idea y estoy seguro que el Concejo Municipal\nest\u00e1 en la misma idea\u201d, precis\u00f3.<\/p>\n","protected":false},"excerpt":{"rendered":"<p>Un total de 5.725 ni\u00f1as y ni\u00f1os de la comuna fueron inscritos para recibir un regalo esta navidad, en el marco de la actividad que se realiza en diciembre por&#8230; <a class=\"read-more\" href=\"https:\/\/www.radiopresidenteibanez.cl\/web\/mas-de-5-700-ninos-fueron-inscritos-para-recibir-su-regalo-esta-navidad\/\">Leer m\u00e1s<\/a><\/p>\n","protected":false},"author":2,"featured_media":15737,"comment_status":"closed","ping_status":"closed","sticky":false,"template":"","format":"standard","meta":{"footnotes":""},"categories":[1],"tags":[],"class_list":["post-15736","post","type-post","status-publish","format-standard","has-post-thumbnail","hentry","category-cronica"],"_links":{"self":[{"href":"https:\/\/www.radiopresidenteibanez.cl\/web\/wp-json\/wp\/v2\/posts\/15736","targetHints":{"allow":["GET"]}}],"collection":[{"href":"https:\/\/www.radiopresidenteibanez.cl\/web\/wp-json\/wp\/v2\/posts"}],"about":[{"href":"https:\/\/www.radiopresidenteibanez.cl\/web\/wp-json\/wp\/v2\/types\/post"}],"author":[{"embeddable":true,"href":"https:\/\/www.radiopresidenteibanez.cl\/web\/wp-json\/wp\/v2\/users\/2"}],"replies":[{"embeddable":true,"href":"https:\/\/www.radiopresidenteibanez.cl\/web\/wp-json\/wp\/v2\/comments?post=15736"}],"version-history":[{"count":0,"href":"https:\/\/www.radiopresidenteibanez.cl\/web\/wp-json\/wp\/v2\/posts\/15736\/revisions"}],"wp:featuredmedia":[{"embeddable":true,"href":"https:\/\/www.radiopresidenteibanez.cl\/web\/wp-json\/wp\/v2\/media\/15737"}],"wp:attachment":[{"href":"https:\/\/www.radiopresidenteibanez.cl\/web\/wp-json\/wp\/v2\/media?parent=15736"}],"wp:term":[{"taxonomy":"category","embeddable":true,"href":"https:\/\/www.radiopresidenteibanez.cl\/web\/wp-json\/wp\/v2\/categories?post=15736"},{"taxonomy":"post_tag","embeddable":true,"href":"https:\/\/www.radiopresidenteibanez.cl\/web\/wp-json\/wp\/v2\/tags?post=15736"}],"curies":[{"name":"wp","href":"https:\/\/api.w.org\/{rel}","templated":true}]}}