{"id":15733,"date":"2020-11-06T04:31:40","date_gmt":"2020-11-06T04:31:40","guid":{"rendered":"https:\/\/www.radiopresidenteibanez.cl\/web\/?p=15733"},"modified":"2020-11-05T18:05:14","modified_gmt":"2020-11-05T18:05:14","slug":"ministro-de-vivienda-felipe-ward-anuncio-484-subsidios-para-familias-que-trabajan-con-entidad-patrocinante-municipal","status":"publish","type":"post","link":"https:\/\/www.radiopresidenteibanez.cl\/web\/ministro-de-vivienda-felipe-ward-anuncio-484-subsidios-para-familias-que-trabajan-con-entidad-patrocinante-municipal\/","title":{"rendered":"MINISTRO DE VIVIENDA FELIPE WARD ANUNCI\u00d3 484 SUBSIDIOS PARA FAMILIAS QUE TRABAJAN CON ENTIDAD PATROCINANTE MUNICIPAL"},"content":{"rendered":"\n<p>El pasado jueves, el alcalde Claudio Radonich sostuvo una reuni\u00f3n con los dirigentes de las agrupaciones de vivienda que hoy est\u00e1n a la espera de financiamiento de sus proyectos, los que tambi\u00e9n deben ir acompa\u00f1ados de los subsidios correspondientes, inquietud que fue recibida por el ministro Felipe Ward, quien el d\u00eda de hoy, luego de una reuni\u00f3n realizada en la sede Ministerial entre ambas autoridades, anunci\u00f3 que las familias pueden contar con los 484 subsidios habitacionales que necesitaban.<\/p>\n\n\n\n<p>\u201cHoy recibimos muy buenas noticias para casi 500 familias de cuatro grupos que est\u00e1n trabajando junto a la Entidad Municipal de Vivienda, la cual comenz\u00f3 sus labores en el a\u00f1o 2017 y se ha ido consolidando. Hoy 484 familias cuentan con subsidio habitacional\u201d, expres\u00f3 feliz, el alcalde Claudio Radonich a la salida de la reuni\u00f3n con el jefe de dicha cartera.<\/p>\n\n\n\n<p>En tanto, el Ministro Felipe Ward, dijo que \u201cestamos felices de poner beneficiar a 4 comit\u00e9s de vivienda que estaban pidiendo hace mucho tiempo soluciones habitacionales, por lo que quiero felicitar al Alcalde, ya que no todos se dan el tiempo de venir a Santiago y pedir por sus&nbsp; vecinos, as\u00ed que estamos muy contentos y seguiremos trabajando con el Alcalde en materia habitacional\u201d.<\/p>\n\n\n\n<p>Ahora, seg\u00fan agreg\u00f3 Radonich, \u201clos proyectos deben ser pasados al Consejo Regional, quienes siempre han apoyado a las familias magall\u00e1nicas, las que se suman a otras 500 que ya est\u00e1n en proceso de construcci\u00f3n de sus nuevos hogares y otras 125 que recibieron sus casas, todo gracias al apoyo y trabajo conjunto al SERVIU Magallanes y sobre todo, al compromiso del Ministro Felipe Ward, quien personalmente se ha involucrado en los proyectos de Punta Arenas\u201d.<\/p>\n\n\n\n<p>Junto a esto, el jefe comunal a\u00f1adi\u00f3 que \u201cesto implica m\u00e1s trabajo y reactivaci\u00f3n econ\u00f3mica para muchas otras familias, por lo que agradezco al SERVIU regional y a los funcionarios municipales que han sido parte de esto\u201d.<\/p>\n\n\n\n<p>Finalmente, el Alcalde reiter\u00f3 que \u201cesto ha sido un trabajo arduo y constante pese a todo, y esperamos continuar de la misma forma para consolidar todo el esfuerzo realizado de manera conjunta entre las familias, el Municipio y el Ministerio de Vivienda y Urbanismo que encabeza el Ministro Ward\u201d.<\/p>\n\n\n\n<p>La Entidad Patrocinante Municipal, trabaja con agrupaciones que acceden a subsidios DS 49 desde el a\u00f1o 2018, lo cual corresponde a postulaciones conjuntas y NO individuales. Frente a dudas o consultas puedes escribir al correo&nbsp;<a href=\"mailto:entidadpatrocinante@e-puntaarenas.cl\">entidadpatrocinante@e-puntaarenas.cl<\/a><\/p>\n","protected":false},"excerpt":{"rendered":"<p>El pasado jueves, el alcalde Claudio Radonich sostuvo una reuni\u00f3n con los dirigentes de las agrupaciones de vivienda que hoy est\u00e1n a la espera de financiamiento de sus proyectos, los&#8230; <a class=\"read-more\" href=\"https:\/\/www.radiopresidenteibanez.cl\/web\/ministro-de-vivienda-felipe-ward-anuncio-484-subsidios-para-familias-que-trabajan-con-entidad-patrocinante-municipal\/\">Leer m\u00e1s<\/a><\/p>\n","protected":false},"author":2,"featured_media":15734,"comment_status":"closed","ping_status":"closed","sticky":false,"template":"","format":"standard","meta":{"footnotes":""},"categories":[1],"tags":[],"class_list":["post-15733","post","type-post","status-publish","format-standard","has-post-thumbnail","hentry","category-cronica"],"_links":{"self":[{"href":"https:\/\/www.radiopresidenteibanez.cl\/web\/wp-json\/wp\/v2\/posts\/15733","targetHints":{"allow":["GET"]}}],"collection":[{"href":"https:\/\/www.radiopresidenteibanez.cl\/web\/wp-json\/wp\/v2\/posts"}],"about":[{"href":"https:\/\/www.radiopresidenteibanez.cl\/web\/wp-json\/wp\/v2\/types\/post"}],"author":[{"embeddable":true,"href":"https:\/\/www.radiopresidenteibanez.cl\/web\/wp-json\/wp\/v2\/users\/2"}],"replies":[{"embeddable":true,"href":"https:\/\/www.radiopresidenteibanez.cl\/web\/wp-json\/wp\/v2\/comments?post=15733"}],"version-history":[{"count":0,"href":"https:\/\/www.radiopresidenteibanez.cl\/web\/wp-json\/wp\/v2\/posts\/15733\/revisions"}],"wp:featuredmedia":[{"embeddable":true,"href":"https:\/\/www.radiopresidenteibanez.cl\/web\/wp-json\/wp\/v2\/media\/15734"}],"wp:attachment":[{"href":"https:\/\/www.radiopresidenteibanez.cl\/web\/wp-json\/wp\/v2\/media?parent=15733"}],"wp:term":[{"taxonomy":"category","embeddable":true,"href":"https:\/\/www.radiopresidenteibanez.cl\/web\/wp-json\/wp\/v2\/categories?post=15733"},{"taxonomy":"post_tag","embeddable":true,"href":"https:\/\/www.radiopresidenteibanez.cl\/web\/wp-json\/wp\/v2\/tags?post=15733"}],"curies":[{"name":"wp","href":"https:\/\/api.w.org\/{rel}","templated":true}]}}