{"id":15729,"date":"2020-11-06T04:00:41","date_gmt":"2020-11-06T04:00:41","guid":{"rendered":"https:\/\/www.radiopresidenteibanez.cl\/web\/?p=15729"},"modified":"2020-11-05T18:02:40","modified_gmt":"2020-11-05T18:02:40","slug":"ministro-de-agricultura-encabeza-primer-encuentro-publico-privado-para-el-desarrollo-de-la-comuna-de-timaukel","status":"publish","type":"post","link":"https:\/\/www.radiopresidenteibanez.cl\/web\/ministro-de-agricultura-encabeza-primer-encuentro-publico-privado-para-el-desarrollo-de-la-comuna-de-timaukel\/","title":{"rendered":"MINISTRO DE AGRICULTURA ENCABEZA PRIMER ENCUENTRO P\u00daBLICO-PRIVADO PARA EL DESARROLLO DE LA COMUNA DE TIMAUKEL"},"content":{"rendered":"\n<p>Como una valiosa instancia para articular acciones que atiendan problem\u00e1ticas locales (sociales y econ\u00f3micas), este jueves y con la presencia del ministro Antonio Walker, diversas autoridades de la regi\u00f3n, representantes del sector privado, el alcalde de Timaukel, Marcos Martic y el equipo de la Fundaci\u00f3n Huella Local, se llev\u00f3 a cabo un encuentro virtual para presentar una alianza p\u00fablico-privada que busca potenciar el desarrollo y la reactivaci\u00f3n econ\u00f3mica en la comuna mediante el modelo de innovaci\u00f3n social de Huella Local, organizaci\u00f3n sin fines de lucro que articula esfuerzos p\u00fablico-privados y la comunidad para desarrollar proyectos de infraestructura y equipamiento con alto impacto social en las localidades m\u00e1s vulnerables del pa\u00eds.<\/p>\n\n\n\n<p>La iniciativa nace a partir de un convenio entre la Oficina de Estudios y Pol\u00edticas Agrarias (ODEPA) del Ministerio de Agricultura, el municipio de Timaukel y Huella Local para implementar el programa de la cartera \u201cSantiago No es Chile\u201d, que tiene por objetivo mejorar la calidad de vida de las comunidades que residen en zonas rurales altamente vulnerables y\/o aisladas, al alero de la Pol\u00edtica de Desarrollo Rural que comenz\u00f3 a implementarse este a\u00f1o.&nbsp;<\/p>\n\n\n\n<p>Por esta raz\u00f3n, el ministro Antonio Walker, expres\u00f3 que \u201cestamos muy contentos de estar apoyando, desde el Ministerio de Agricultura y a trav\u00e9s del proyecto \u201cSantiago no es Chile\u201d, esta iniciativa en Timaukel. Ya est\u00e1 en pleno funcionamiento la mesa de San Pedro, y apoyar esta en la zona austral de Chile es una gran oportunidad para seguir disminuyendo las brechas que existen entre el mundo rural y el mundo urbano y as\u00ed mejorar la calidad de vida de los vecinos, sin importar el lugar donde vivan\u201d.&nbsp;<\/p>\n\n\n\n<p>Por su parte, la directora de Odepa, Mar\u00eda Emilia Undurraga, explic\u00f3 que \u201cuno de los principales ejes de la Pol\u00edtica Nacional de Desarrollo Rural que estamos impulsando desde la Odepa es la colaboraci\u00f3n, y eso es precisamente lo que se potencia en estas mesas: el mundo p\u00fablico, privado y la sociedad civil pensando juntos el desarrollo de los territorios para aumentar las oportunidades de sus habitantes. Este trabajo es fundamental en tiempos de cambios como los que corren\u201d.&nbsp;&nbsp;<\/p>\n\n\n\n<p>Sobre este in\u00e9dito encuentro en la comuna de la provincia de Tierra del Fuego, el alcalde Marcos Martic, se mostr\u00f3 entusiasmado, ya que son el primer gobierno local de la regi\u00f3n en realizar este tipo de encuentros, agregando que \u201clos municipios rurales compartimos las mismas problem\u00e1ticas debido a que, si bien tenemos muchas ganas y somos conscientes de los grandes desaf\u00edos de nuestros territorios, nos faltan profesionales y apoyo para lograrlo\u201d. Adem\u00e1s, la autoridad local enfatiz\u00f3 que \u201cescuchar a la comunidad es fundamental, y lograr que las fortalezas del sector p\u00fablico y privado converjan en el desarrollo del territorio y su gente es un camino que recorreremos con cari\u00f1o, trabajo y compromiso\u201d.<\/p>\n\n\n\n<p>Por su parte, el director ejecutivo de Huella Local, Gonzalo Vial, se\u00f1al\u00f3 que \u201cal fundar Huella Local, uno de nuestros sue\u00f1os era lograr trabajar y colaborar en localidades como Timaukel, estableciendo una nueva gobernanza en estos territorios, con una propuesta de desarrollo que considere a todos los actores del sector p\u00fablico y privados presentes en la regi\u00f3n, por esto estamos muy entusiasmados con la alianza que iniciaremos\u201d.&nbsp;<\/p>\n\n\n\n<p>Cabe destacar que durante el proceso de dise\u00f1o de los proyectos (una vez definidos los integrantes que formar\u00e1n parte de la Mesa de Convergencia), se realizar\u00e1n diversos talleres participativos, donde la comunidad tendr\u00e1 el espacio de colaborar y ser parte de las iniciativas que en el mediano plazo se ejecutar\u00e1n, convirti\u00e9ndose en una innovadora propuesta para impulsar el crecimiento en zonas vulnerables de Chile, golpeadas fuertemente por la pandemia.&nbsp;&nbsp;<\/p>\n","protected":false},"excerpt":{"rendered":"<p>Como una valiosa instancia para articular acciones que atiendan problem\u00e1ticas locales (sociales y econ\u00f3micas), este jueves y con la presencia del ministro Antonio Walker, diversas autoridades de la regi\u00f3n, representantes&#8230; <a class=\"read-more\" href=\"https:\/\/www.radiopresidenteibanez.cl\/web\/ministro-de-agricultura-encabeza-primer-encuentro-publico-privado-para-el-desarrollo-de-la-comuna-de-timaukel\/\">Leer m\u00e1s<\/a><\/p>\n","protected":false},"author":2,"featured_media":15730,"comment_status":"closed","ping_status":"closed","sticky":false,"template":"","format":"standard","meta":{"footnotes":""},"categories":[1],"tags":[],"class_list":["post-15729","post","type-post","status-publish","format-standard","has-post-thumbnail","hentry","category-cronica"],"_links":{"self":[{"href":"https:\/\/www.radiopresidenteibanez.cl\/web\/wp-json\/wp\/v2\/posts\/15729","targetHints":{"allow":["GET"]}}],"collection":[{"href":"https:\/\/www.radiopresidenteibanez.cl\/web\/wp-json\/wp\/v2\/posts"}],"about":[{"href":"https:\/\/www.radiopresidenteibanez.cl\/web\/wp-json\/wp\/v2\/types\/post"}],"author":[{"embeddable":true,"href":"https:\/\/www.radiopresidenteibanez.cl\/web\/wp-json\/wp\/v2\/users\/2"}],"replies":[{"embeddable":true,"href":"https:\/\/www.radiopresidenteibanez.cl\/web\/wp-json\/wp\/v2\/comments?post=15729"}],"version-history":[{"count":0,"href":"https:\/\/www.radiopresidenteibanez.cl\/web\/wp-json\/wp\/v2\/posts\/15729\/revisions"}],"wp:featuredmedia":[{"embeddable":true,"href":"https:\/\/www.radiopresidenteibanez.cl\/web\/wp-json\/wp\/v2\/media\/15730"}],"wp:attachment":[{"href":"https:\/\/www.radiopresidenteibanez.cl\/web\/wp-json\/wp\/v2\/media?parent=15729"}],"wp:term":[{"taxonomy":"category","embeddable":true,"href":"https:\/\/www.radiopresidenteibanez.cl\/web\/wp-json\/wp\/v2\/categories?post=15729"},{"taxonomy":"post_tag","embeddable":true,"href":"https:\/\/www.radiopresidenteibanez.cl\/web\/wp-json\/wp\/v2\/tags?post=15729"}],"curies":[{"name":"wp","href":"https:\/\/api.w.org\/{rel}","templated":true}]}}