{"id":15726,"date":"2020-11-06T03:51:37","date_gmt":"2020-11-06T03:51:37","guid":{"rendered":"https:\/\/www.radiopresidenteibanez.cl\/web\/?p=15726"},"modified":"2020-11-05T17:58:42","modified_gmt":"2020-11-05T17:58:42","slug":"funcionarios-aeronauticos-alertan-riesgos-de-seguridad-operacional-y-peligro-para-las-vidas-humanas-de-los-usuarios-del-sistema-aeronautico-nacional","status":"publish","type":"post","link":"https:\/\/www.radiopresidenteibanez.cl\/web\/funcionarios-aeronauticos-alertan-riesgos-de-seguridad-operacional-y-peligro-para-las-vidas-humanas-de-los-usuarios-del-sistema-aeronautico-nacional\/","title":{"rendered":"FUNCIONARIOS AERON\u00c1UTICOS ALERTAN RIESGOS DE SEGURIDAD OPERACIONAL Y PELIGRO PARA LAS VIDAS HUMANAS DE LOS USUARIOS DEL SISTEMA AERON\u00c1UTICO NACIONAL"},"content":{"rendered":"\n<p>La Asociaci\u00f3n Nacional de Funcionarios de Aeron\u00e1utica Civil (ANFDGAC), reiter\u00f3 su preocupaci\u00f3n por los riesgos concretos a los que se puede enfrentar la gesti\u00f3n operacional del sistema aeron\u00e1utico nacional y el peligro para las vidas humanas por la rebaja presupuestaria planteada por el Ministro de Hacienda, para el a\u00f1o 2021.<\/p>\n\n\n\n<p>A juicio de los representante de las y los funcionarios de la Direcci\u00f3n General de Aeron\u00e1utica Civil \u201cadem\u00e1s de normar y fiscalizar las actividades a\u00e9reas que se realizan en el espacio a\u00e9reo controlado por Chile, prestando servicios de navegaci\u00f3n a\u00e9rea, meteorolog\u00eda, aeroportuarios y seguridad operacional, con el prop\u00f3sito de conformar una actividad a\u00e9rea segura, eficiente y sustentable tambi\u00e9n tenemos la responsabilidad de cara a nuestros usuarios de alertar los riesgos que este &nbsp;Proyecto de Presupuesto fijado para la DGAC puede tener para la seguridad nacional aeroportuaria\u201d.<\/p>\n\n\n\n<p>\u201cEstamos en total desacuerdo con las restricciones planteadas por el Ministerio de Hacienda y la teor\u00eda de \u201cpresupuesto base cero\u201d para&nbsp;el a\u00f1o 2021, mediante el cual se fijar\u00e1n&nbsp;los recursos para funcionamiento y desarrollo de la Direcci\u00f3n General de Aeron\u00e1utica Civil,&nbsp;<strong><em>ya que privaron de implementar los respectivos planes de actualizaci\u00f3n de tecnolog\u00eda, desarrollo y mantenci\u00f3n de eficiencia de su personal y prodigar la confiabilidad del servicio que se presta a terceros que materializan las operaciones a\u00e9reas en el pa\u00eds, todo acorde con el desarrollo y avance de la aeron\u00e1utica mundial\u201d,&nbsp;<\/em><\/strong>afirm\u00f3 Jos\u00e9 P\u00e9rez Debelli, Presidente Nacional de la ANFDGAC.<\/p>\n\n\n\n<p>\u201c<strong><em>En un sector tan sensible como el aeron\u00e1utico no se puede permitir experimentos econ\u00f3micos que pongan en riesgo la seguridad operacional y la introducci\u00f3n de peligro para las vidas humanas de quienes son los usuarios prioritarios del sistema aeron\u00e1utico nacional,<\/em><\/strong>&nbsp;de mantenerse esta restricci\u00f3n presupuestaria para el a\u00f1o 2021, ser\u00e1 de exclusiva responsabilidad del actual Gobierno el deterioro que pueda verificarse en los servicios que entrega la DGAC, el que porfiadamente niega la importancia que tiene dicha instituci\u00f3n en el sostenimiento y crecimiento del pa\u00eds\u201d, concluy\u00f3 el Presidente de los Funcionarios, Jos\u00e9 P\u00e9rez Debelli.<\/p>\n","protected":false},"excerpt":{"rendered":"<p>La Asociaci\u00f3n Nacional de Funcionarios de Aeron\u00e1utica Civil (ANFDGAC), reiter\u00f3 su preocupaci\u00f3n por los riesgos concretos a los que se puede enfrentar la gesti\u00f3n operacional del sistema aeron\u00e1utico nacional y&#8230; <a class=\"read-more\" href=\"https:\/\/www.radiopresidenteibanez.cl\/web\/funcionarios-aeronauticos-alertan-riesgos-de-seguridad-operacional-y-peligro-para-las-vidas-humanas-de-los-usuarios-del-sistema-aeronautico-nacional\/\">Leer m\u00e1s<\/a><\/p>\n","protected":false},"author":2,"featured_media":15727,"comment_status":"closed","ping_status":"closed","sticky":false,"template":"","format":"standard","meta":{"footnotes":""},"categories":[1],"tags":[],"class_list":["post-15726","post","type-post","status-publish","format-standard","has-post-thumbnail","hentry","category-cronica"],"_links":{"self":[{"href":"https:\/\/www.radiopresidenteibanez.cl\/web\/wp-json\/wp\/v2\/posts\/15726","targetHints":{"allow":["GET"]}}],"collection":[{"href":"https:\/\/www.radiopresidenteibanez.cl\/web\/wp-json\/wp\/v2\/posts"}],"about":[{"href":"https:\/\/www.radiopresidenteibanez.cl\/web\/wp-json\/wp\/v2\/types\/post"}],"author":[{"embeddable":true,"href":"https:\/\/www.radiopresidenteibanez.cl\/web\/wp-json\/wp\/v2\/users\/2"}],"replies":[{"embeddable":true,"href":"https:\/\/www.radiopresidenteibanez.cl\/web\/wp-json\/wp\/v2\/comments?post=15726"}],"version-history":[{"count":0,"href":"https:\/\/www.radiopresidenteibanez.cl\/web\/wp-json\/wp\/v2\/posts\/15726\/revisions"}],"wp:featuredmedia":[{"embeddable":true,"href":"https:\/\/www.radiopresidenteibanez.cl\/web\/wp-json\/wp\/v2\/media\/15727"}],"wp:attachment":[{"href":"https:\/\/www.radiopresidenteibanez.cl\/web\/wp-json\/wp\/v2\/media?parent=15726"}],"wp:term":[{"taxonomy":"category","embeddable":true,"href":"https:\/\/www.radiopresidenteibanez.cl\/web\/wp-json\/wp\/v2\/categories?post=15726"},{"taxonomy":"post_tag","embeddable":true,"href":"https:\/\/www.radiopresidenteibanez.cl\/web\/wp-json\/wp\/v2\/tags?post=15726"}],"curies":[{"name":"wp","href":"https:\/\/api.w.org\/{rel}","templated":true}]}}