{"id":15723,"date":"2020-11-05T15:51:31","date_gmt":"2020-11-05T15:51:31","guid":{"rendered":"https:\/\/www.radiopresidenteibanez.cl\/web\/?p=15723"},"modified":"2020-11-05T15:51:36","modified_gmt":"2020-11-05T15:51:36","slug":"el-desafio-de-construir-mas-viviendas-para-la-region-de-magallanes-por-jose-miguel-horco-seremi-vivienda-y-urbanismo-magallanes","status":"publish","type":"post","link":"https:\/\/www.radiopresidenteibanez.cl\/web\/el-desafio-de-construir-mas-viviendas-para-la-region-de-magallanes-por-jose-miguel-horco-seremi-vivienda-y-urbanismo-magallanes\/","title":{"rendered":"\u201cEL DESAF\u00cdO DE CONSTRUIR M\u00c1S VIVIENDAS PARA LA REGI\u00d3N DE MAGALLANES\u201d por Jos\u00e9 Miguel Horco, Seremi Vivienda y Urbanismo Magallanes"},"content":{"rendered":"\n<p>A comienzos del a\u00f1o 2018,\ndiversos estudios privados y de la encuesta Casen del 2017, indicaban que en la\nRegi\u00f3n de Magallanes ten\u00eda un prolongado <em>d\u00e9ficit\nhabitacional<\/em> y que por diversos motivos era parte tambi\u00e9n de la demanda\nhabitual que ten\u00eda el Minvu. Es as\u00ed, que comenzamos este periodo de gobierno\ncon la meta de construir al menos 4.000 unidades habitacionales. Nuestro\nobjetivo ha sido hacernos cargo de esta demanda y poder dar una soluci\u00f3n\ndefinitiva a estas familias, que durante muchos a\u00f1os, estaban esperando una\nsoluci\u00f3n.<\/p>\n\n\n\n<p>Nuestro trabajo se defini\u00f3, en no\nsolo a atender esta demanda, sino tambi\u00e9n a materializar&nbsp; y\/o actualizar cada uno de los Planes\nReguladores de las comunas de la regi\u00f3n,&nbsp;\nde manera de ir creciendo como regi\u00f3n, de forma planificada, sostenida y\nresguardando la seguridad de sus construcciones y de sus habitantes. <\/p>\n\n\n\n<p>Nuestra gran tarea, ha sido entonces\ncrear barrios integrados, barrios que permitan la integraci\u00f3n social entre\nnuestros postulantes vulnerables&nbsp; y otros\nde mayor capacidad econ\u00f3mica, no haciendo distinci\u00f3n alguna en el dise\u00f1o de la\nvivienda, materialidad&nbsp; e instalaciones,\nde manera de dar un paso definitivo a una mejor convivencia social. El\ndesarrollo de nuestros barrios, debe conectarse a v\u00edas principales; cercanas a\nequipamiento comunitario, de salud, de educaci\u00f3n, etc., materializando\nefectivamente una integraci\u00f3n social, mejorando indiscutiblemente una mejor\ncalidad de vida a los habitantes de la regi\u00f3n. <\/p>\n\n\n\n<p>El trabajo ha sido de todos, lo\niniciamos el a\u00f1o 2018 cuando capacitamos y le dimos formaci\u00f3n legal a las\nEntidades Patrocinantes municipales,&nbsp;\nquienes con su trabajo han captado y ordenado&nbsp; la demanda habitacional; tambi\u00e9n de las Entidades\nPatrocinantes privadas que han gestionados los proyectos habitacionales y como\nno, de las empresas constructoras han podido construir estos nuevos conjuntos\nhabitacionales. &nbsp;&nbsp;<\/p>\n\n\n\n<p>El Minvu sigue trabajando y no\nnos hemos detenido por la pandemia sanitaria que estamos viviendo, a d\u00eda de hoy\nhemos entregado cerca de 2.600 unidades habitacionales, tenemos otras 1.057 en\nplena ejecuci\u00f3n y 1.058 que est\u00e1n con subsidios habitacionales, asignados por iniciar\nobras. Es decir, m\u00e1s de 4.500 gestionadas a la fecha.<\/p>\n\n\n\n<p>El trabajo desarrollado, a la\nfecha en materia habitacional ha sido clave para el desarrollo de&nbsp; Magallanes, el cual&nbsp; ha sido posible,&nbsp; por el compromiso liderado por el ex ministro\nCristi\u00e1n Monckeberg y ahora impulsado fuertemente por el ministro Felipe Ward;\npor la intendenta Jenniffer Rojas quien lidera el Gobierno Regional y por cada\nuno de los funcionarios que integramos el MINVU, porque es nuestro compromiso\ncon los habitantes de esta hermosa regi\u00f3n. <\/p>\n\n\n\n<p><em>Jos\u00e9 Miguel Horcos, seremi de Vivienda y Urbanismo<\/em><\/p>\n","protected":false},"excerpt":{"rendered":"<p>A comienzos del a\u00f1o 2018, diversos estudios privados y de la encuesta Casen del 2017, indicaban que en la Regi\u00f3n de Magallanes ten\u00eda un prolongado d\u00e9ficit habitacional y que por&#8230; <a class=\"read-more\" href=\"https:\/\/www.radiopresidenteibanez.cl\/web\/el-desafio-de-construir-mas-viviendas-para-la-region-de-magallanes-por-jose-miguel-horco-seremi-vivienda-y-urbanismo-magallanes\/\">Leer m\u00e1s<\/a><\/p>\n","protected":false},"author":2,"featured_media":15724,"comment_status":"closed","ping_status":"closed","sticky":false,"template":"","format":"standard","meta":{"footnotes":""},"categories":[1],"tags":[],"class_list":["post-15723","post","type-post","status-publish","format-standard","has-post-thumbnail","hentry","category-cronica"],"_links":{"self":[{"href":"https:\/\/www.radiopresidenteibanez.cl\/web\/wp-json\/wp\/v2\/posts\/15723","targetHints":{"allow":["GET"]}}],"collection":[{"href":"https:\/\/www.radiopresidenteibanez.cl\/web\/wp-json\/wp\/v2\/posts"}],"about":[{"href":"https:\/\/www.radiopresidenteibanez.cl\/web\/wp-json\/wp\/v2\/types\/post"}],"author":[{"embeddable":true,"href":"https:\/\/www.radiopresidenteibanez.cl\/web\/wp-json\/wp\/v2\/users\/2"}],"replies":[{"embeddable":true,"href":"https:\/\/www.radiopresidenteibanez.cl\/web\/wp-json\/wp\/v2\/comments?post=15723"}],"version-history":[{"count":0,"href":"https:\/\/www.radiopresidenteibanez.cl\/web\/wp-json\/wp\/v2\/posts\/15723\/revisions"}],"wp:featuredmedia":[{"embeddable":true,"href":"https:\/\/www.radiopresidenteibanez.cl\/web\/wp-json\/wp\/v2\/media\/15724"}],"wp:attachment":[{"href":"https:\/\/www.radiopresidenteibanez.cl\/web\/wp-json\/wp\/v2\/media?parent=15723"}],"wp:term":[{"taxonomy":"category","embeddable":true,"href":"https:\/\/www.radiopresidenteibanez.cl\/web\/wp-json\/wp\/v2\/categories?post=15723"},{"taxonomy":"post_tag","embeddable":true,"href":"https:\/\/www.radiopresidenteibanez.cl\/web\/wp-json\/wp\/v2\/tags?post=15723"}],"curies":[{"name":"wp","href":"https:\/\/api.w.org\/{rel}","templated":true}]}}