{"id":15716,"date":"2020-11-05T13:09:05","date_gmt":"2020-11-05T13:09:05","guid":{"rendered":"https:\/\/www.radiopresidenteibanez.cl\/web\/?p=15716"},"modified":"2020-11-05T13:09:10","modified_gmt":"2020-11-05T13:09:10","slug":"ips-punta-arenas-se-mantendra-cerrado-este-jueves-por-duelo","status":"publish","type":"post","link":"https:\/\/www.radiopresidenteibanez.cl\/web\/ips-punta-arenas-se-mantendra-cerrado-este-jueves-por-duelo\/","title":{"rendered":"IPS PUNTA ARENAS SE MANTENDR\u00c1 CERRADO ESTE JUEVES POR DUELO"},"content":{"rendered":"\n<p>Funcionarios y funcionarias del Instituto de Previsi\u00f3n Social\nen Magallanes, Secretar\u00eda Regional Ministerial del Trabajo y Previsi\u00f3n Social,\nInstituto de Seguridad Laboral, Inspecci\u00f3n del Trabajo, Sence y Dicrep en\nMagallanes, lamentan el sensible fallecimiento del querido funcionario, Am\u00e9rico\nIsa\u00edas Paredes Vera, esta tarde en Santiago.<\/p>\n\n\n\n<p>Am\u00e9rico falleci\u00f3 a sus 59 a\u00f1os, y hac\u00eda 30 que pertenec\u00eda al\nIPS Magallanes.<\/p>\n\n\n\n<p>El funcionario era muy querido, no s\u00f3lo entre sus compa\u00f1eros\nde labores, sino en la comunidad en general.<\/p>\n\n\n\n<p>A ra\u00edz del triste deceso, se inform\u00f3 que la sucursal IPS\nChileAtiende en Punta Arenas se mantendr\u00e1 cerrada por duelo este jueves (5 de\nnoviembre), agradeciendo a la comunidad su comprensi\u00f3n.<\/p>\n","protected":false},"excerpt":{"rendered":"<p>Funcionarios y funcionarias del Instituto de Previsi\u00f3n Social en Magallanes, Secretar\u00eda Regional Ministerial del Trabajo y Previsi\u00f3n Social, Instituto de Seguridad Laboral, Inspecci\u00f3n del Trabajo, Sence y Dicrep en Magallanes,&#8230; <a class=\"read-more\" href=\"https:\/\/www.radiopresidenteibanez.cl\/web\/ips-punta-arenas-se-mantendra-cerrado-este-jueves-por-duelo\/\">Leer m\u00e1s<\/a><\/p>\n","protected":false},"author":2,"featured_media":15717,"comment_status":"closed","ping_status":"closed","sticky":false,"template":"","format":"standard","meta":{"footnotes":""},"categories":[1],"tags":[],"class_list":["post-15716","post","type-post","status-publish","format-standard","has-post-thumbnail","hentry","category-cronica"],"_links":{"self":[{"href":"https:\/\/www.radiopresidenteibanez.cl\/web\/wp-json\/wp\/v2\/posts\/15716","targetHints":{"allow":["GET"]}}],"collection":[{"href":"https:\/\/www.radiopresidenteibanez.cl\/web\/wp-json\/wp\/v2\/posts"}],"about":[{"href":"https:\/\/www.radiopresidenteibanez.cl\/web\/wp-json\/wp\/v2\/types\/post"}],"author":[{"embeddable":true,"href":"https:\/\/www.radiopresidenteibanez.cl\/web\/wp-json\/wp\/v2\/users\/2"}],"replies":[{"embeddable":true,"href":"https:\/\/www.radiopresidenteibanez.cl\/web\/wp-json\/wp\/v2\/comments?post=15716"}],"version-history":[{"count":0,"href":"https:\/\/www.radiopresidenteibanez.cl\/web\/wp-json\/wp\/v2\/posts\/15716\/revisions"}],"wp:featuredmedia":[{"embeddable":true,"href":"https:\/\/www.radiopresidenteibanez.cl\/web\/wp-json\/wp\/v2\/media\/15717"}],"wp:attachment":[{"href":"https:\/\/www.radiopresidenteibanez.cl\/web\/wp-json\/wp\/v2\/media?parent=15716"}],"wp:term":[{"taxonomy":"category","embeddable":true,"href":"https:\/\/www.radiopresidenteibanez.cl\/web\/wp-json\/wp\/v2\/categories?post=15716"},{"taxonomy":"post_tag","embeddable":true,"href":"https:\/\/www.radiopresidenteibanez.cl\/web\/wp-json\/wp\/v2\/tags?post=15716"}],"curies":[{"name":"wp","href":"https:\/\/api.w.org\/{rel}","templated":true}]}}