{"id":15713,"date":"2020-11-05T13:06:43","date_gmt":"2020-11-05T13:06:43","guid":{"rendered":"https:\/\/www.radiopresidenteibanez.cl\/web\/?p=15713"},"modified":"2020-11-05T13:06:48","modified_gmt":"2020-11-05T13:06:48","slug":"comunicado-pc-magallanes-exige-amnistia-para-presos-politicos-del-estallido-social","status":"publish","type":"post","link":"https:\/\/www.radiopresidenteibanez.cl\/web\/comunicado-pc-magallanes-exige-amnistia-para-presos-politicos-del-estallido-social\/","title":{"rendered":"COMUNICADO: PC MAGALLANES EXIGE AMNISTIA PARA PRESOS POLITICOS DEL ESTALLIDO SOCIAL"},"content":{"rendered":"\n<p>Ante\nel contundente triunfo de la opci\u00f3n Apruebo y Convenci\u00f3n Constitucional en el\nplebiscito del 25 de Octubre, es evidente que la voluntad popular demanda\ncambios profundos, concretos&nbsp; y\npermanentes en todos los \u00e1mbitos de nuestra sociedad.<\/p>\n\n\n\n<p>La\nausencia de justicia para los sectores populares, ha sido parte del dise\u00f1o\nneoliberal que nos agobia y en contrapartida, la descarada acci\u00f3n de la\njusticia a favor de delincuentes de cuello y corbata, de familiares y amigos de\ninfluyentes pol\u00edticos, empresarios y miembros de la oligarqu\u00eda nacional, son\npan de cada d\u00eda. As\u00ed lo constata el pueblo de Chile.<\/p>\n\n\n\n<p>Caminar\nhoy hacia una nueva Constituci\u00f3n Pol\u00edtica de la Rep\u00fablica es el logro del\npueblo chileno, sin haber contado en ello con el apoyo de instituciones\np\u00fablicas, las que por el contrario, son mandatadas por el poder estatal para\nactuar permanentemente en contra de los m\u00e1s d\u00e9biles. Este avance, sin duda, es\nm\u00e9rito de la sociedad organizada y movilizada. Sociedad cansada del abuso y la\nexclusi\u00f3n.<\/p>\n\n\n\n<p>As\u00ed\nlas cosas, hoy vastos sectores pol\u00edticos apoyan la idea de legislar a favor de reparaci\u00f3n\na las v\u00edctimas de la violencia estatal en el \u00faltimo a\u00f1o de furia de la derecha\nchilena. Adem\u00e1s, cada vez son m\u00e1s los que se suman a la idea de aprobar una\namnist\u00eda o indulto a las y los presos pol\u00edticos de la derecha.<\/p>\n\n\n\n<p>En\nMagallanes hace unos d\u00edas se liber\u00f3 a un preso pol\u00edtico, que tras meses de\ncautiverio recuper\u00f3 su libertad, desestimando las afiebradas pretensiones de la\nFiscal\u00eda. \u00bfQui\u00e9n responde por ese da\u00f1o?<\/p>\n\n\n\n<p>Hoy\nse mantiene en cautiverio a un joven estudiante universitario que cursa su\n\u00faltimo a\u00f1o de ingenier\u00eda, joven del cual s\u00f3lo hay buenas referencias y\nantecedentes anteriores intachables, sobre el cual , seg\u00fan declara su abogado\ndefensor, recaen acusaciones carentes de pruebas. Es detenido en enero 2020 por\nhechos ocurridos en noviembre de 2019, esto porque de acuerdo a lo instruido\npor el fiscal a cargo, la PDI buscaba un sujeto de entre 20 y 30 a\u00f1os que fuera\nportador de guantes rojos, zapatillas blancas, mochila y chaqueta negra. \u00a1C\u00f3mo\nsi esas no fueran caracter\u00edsticas comunes a muchos de nuestros j\u00f3venes!. <\/p>\n\n\n\n<p>Nos\nparece evidente que el empe\u00f1o de la Fiscal\u00eda, el Tribunal de Garant\u00eda, la PDI,\nel Servicio M\u00e9dico Legal y otras reparticiones del Ministerio de Justicia en <\/p>\n\n\n\n<p>Magallanes,\n\u00fanicamente es encontrar culpables, cueste lo que cueste, as\u00ed sea que se trunque\nla vida de un joven inocente.<\/p>\n\n\n\n<p>En\notro sentido, hoy existen 26 querellas presentadas por el Instituto de Derechos\nHumanos en Magallanes:<\/p>\n\n\n\n<p>&#8211;\n20 de estas querellas son&nbsp; por apremios.<\/p>\n\n\n\n<p>&#8211;\n2 por torturas.<\/p>\n\n\n\n<p>&#8211;\n4 por abusos a particulares.<\/p>\n\n\n\n<p>&#8211;\n20 de estas querellas son en contra de Carabineros de Chile.<\/p>\n\n\n\n<p>&#8211;\n1 en contra del Ej\u00e9rcito<\/p>\n\n\n\n<p>&#8211;\n1 en contra de la PDI.<\/p>\n\n\n\n<p>A\nm\u00e1s de un a\u00f1o de ocurridos los hechos, no existe en Magallanes ni un solo\nformalizado y las 29 v\u00edctimas siguen esperando.<\/p>\n\n\n\n<p>Lo\nexpuesto, son hechos concretos. No hay justicia para el ciudadano com\u00fan.<\/p>\n\n\n\n<p>No\nhay sanciones para agentes del Estado que abusaron, apremiaron y torturaron a\nciudadanas y ciudadanos magall\u00e1nicos por protestar.<\/p>\n\n\n\n<p>A\nun a\u00f1o de ocurridos los hechos, solo hay un detenido, un preso que cumplir\u00e1 10\nmeses en cautiverio, sin que haya pruebas y por el s\u00f3lo hecho de vestir como\nmiles de j\u00f3venes magall\u00e1nicos.<\/p>\n\n\n\n<p>As\u00ed\ncaminamos a la nueva Constituci\u00f3n. Y no podemos concebir un proceso\nconstituyente con presos pol\u00edticos, encerrados por ejercer su leg\u00edtimo derecho\na la protesta social y expresar los justos anhelos del pueblo.<\/p>\n\n\n\n<p>El\npueblo no debe dejar de manifestarse, no debe desmovilizarse, hoy al igual que\nhace d\u00e9cadas, seguimos viviendo abusos y atropellos que deben cambiar.<\/p>\n\n\n\n<p>La\nnueva Constituci\u00f3n es solo una parte del camino. <\/p>\n\n\n\n<p><strong>\u00a1Arriba\nlos que luchan!<\/strong><\/p>\n\n\n\n<p><strong>\u00a1Libertad\na&nbsp; los presos de la rebeli\u00f3n popular!<\/strong><\/p>\n\n\n\n<p><strong>PARTIDO\nCOMUNISTA DE CHILE <\/strong><\/p>\n","protected":false},"excerpt":{"rendered":"<p>Ante el contundente triunfo de la opci\u00f3n Apruebo y Convenci\u00f3n Constitucional en el plebiscito del 25 de Octubre, es evidente que la voluntad popular demanda cambios profundos, concretos&nbsp; y permanentes&#8230; <a class=\"read-more\" href=\"https:\/\/www.radiopresidenteibanez.cl\/web\/comunicado-pc-magallanes-exige-amnistia-para-presos-politicos-del-estallido-social\/\">Leer m\u00e1s<\/a><\/p>\n","protected":false},"author":2,"featured_media":15714,"comment_status":"closed","ping_status":"closed","sticky":false,"template":"","format":"standard","meta":{"footnotes":""},"categories":[1],"tags":[],"class_list":["post-15713","post","type-post","status-publish","format-standard","has-post-thumbnail","hentry","category-cronica"],"_links":{"self":[{"href":"https:\/\/www.radiopresidenteibanez.cl\/web\/wp-json\/wp\/v2\/posts\/15713","targetHints":{"allow":["GET"]}}],"collection":[{"href":"https:\/\/www.radiopresidenteibanez.cl\/web\/wp-json\/wp\/v2\/posts"}],"about":[{"href":"https:\/\/www.radiopresidenteibanez.cl\/web\/wp-json\/wp\/v2\/types\/post"}],"author":[{"embeddable":true,"href":"https:\/\/www.radiopresidenteibanez.cl\/web\/wp-json\/wp\/v2\/users\/2"}],"replies":[{"embeddable":true,"href":"https:\/\/www.radiopresidenteibanez.cl\/web\/wp-json\/wp\/v2\/comments?post=15713"}],"version-history":[{"count":0,"href":"https:\/\/www.radiopresidenteibanez.cl\/web\/wp-json\/wp\/v2\/posts\/15713\/revisions"}],"wp:featuredmedia":[{"embeddable":true,"href":"https:\/\/www.radiopresidenteibanez.cl\/web\/wp-json\/wp\/v2\/media\/15714"}],"wp:attachment":[{"href":"https:\/\/www.radiopresidenteibanez.cl\/web\/wp-json\/wp\/v2\/media?parent=15713"}],"wp:term":[{"taxonomy":"category","embeddable":true,"href":"https:\/\/www.radiopresidenteibanez.cl\/web\/wp-json\/wp\/v2\/categories?post=15713"},{"taxonomy":"post_tag","embeddable":true,"href":"https:\/\/www.radiopresidenteibanez.cl\/web\/wp-json\/wp\/v2\/tags?post=15713"}],"curies":[{"name":"wp","href":"https:\/\/api.w.org\/{rel}","templated":true}]}}