{"id":15710,"date":"2020-11-05T13:02:03","date_gmt":"2020-11-05T13:02:03","guid":{"rendered":"https:\/\/www.radiopresidenteibanez.cl\/web\/?p=15710"},"modified":"2020-11-05T13:02:08","modified_gmt":"2020-11-05T13:02:08","slug":"comenzo-la-sanitizacion-de-taxis-y-colectivos-en-el-parque-maria-behety","status":"publish","type":"post","link":"https:\/\/www.radiopresidenteibanez.cl\/web\/comenzo-la-sanitizacion-de-taxis-y-colectivos-en-el-parque-maria-behety\/","title":{"rendered":"COMENZ\u00d3 LA SANITIZACI\u00d3N DE TAXIS Y COLECTIVOS EN EL PARQUE MAR\u00cdA BEHETY"},"content":{"rendered":"\n<p> El Municipio de nuestra comuna, sigue buscando mecanismos de ayuda y apoyo para prevenir los contagios en la ciudadan\u00eda. Es por esto, que el d\u00eda de hoy, se dio inicio a un proceso de sanitizaci\u00f3n para los Taxis y Colectivos de nuestra ciudad, con el fin de otorgar mayor seguridad tanto a los conductores como a sus pasajeros.\u00a0<\/p>\n\n\n\n<p>En ese sentido, el alcalde Claudio Radonich dijo que \u201cesta es una de las tantas formas en las que estamos trabajando para que nuestra ciudad sea m\u00e1s segura \u00a0y podamos bajar los \u00edndices, por lo que debemos saber convivir con el COVID-19\u201d.<\/p>\n\n\n\n<p>\u201cQueremos ir un poco m\u00e1s all\u00e1, por lo que era importante que el transporte p\u00fablico tuviese la oportunidad de forma gratuita y voluntaria de poder tener estas sanitizaciones, ya que van en beneficio del conductor, pero tambi\u00e9n de las personas que los ocupan\u201d, a\u00f1adi\u00f3 Radonich.<\/p>\n\n\n\n<p>Igualmente, el jefe comunal anunci\u00f3 que \u201cestamos muy contentos de poder ofrecer este servicio, tanto a taxis como a los colectivos, por lo que este operativo se repetir\u00e1 la segunda quincena de noviembre y en otras dos oportunidades en el mes de diciembre, en el mismo orden\u201d.<\/p>\n\n\n\n<p>Es la primera vez que la Municipalidad entrega este servicio, a trav\u00e9s de una empresa certificada, para sanitizar a todo el parque automotriz vinculado al transporte menor, que en total suman cerca de 2 mil veh\u00edculos.\u00a0<\/p>\n\n\n\n<p>Carlos Irribarra, gerente de operaciones de la empresa Invet Austral, explic\u00f3 que \u201cnosotros utilizamos un producto denominado Jonclean 80, que cumple con todas las exigencias sanitarias y est\u00e1 certificado. El proceso de sanitizaci\u00f3n es breve y tarda cerca de 5 minutos\u201d.<\/p>\n\n\n\n<p>Juan Carlos Z\u00fa\u00f1iga, conductor de unos de los 34 veh\u00edculos que llegaron hasta el parque, dijo que \u201cpor supuesto que es positivo, ya que todos estamos tratando de evitar contagios, y bueno, por mi parte es muy importante que se haga esto, es altamente positivo y lo agradezco\u201d.<br>Por \u00faltimo el Alcalde agreg\u00f3 que \u201clo que se busca es poder ayudar de manera concreta y gratuita a los choferes de locomoci\u00f3n colectiva y a nuestros vecinos que ocupan d\u00eda a d\u00eda el transporte p\u00fablico\u201d.<\/p>\n\n\n\n<p>La invitaci\u00f3n es a sumarse a esta iniciativa y verificar que d\u00edas le corresponde a cada veh\u00edculo, manteniendo siempre el autocuidado.<\/p>\n\n\n\n<p><strong>Jueves 5 noviembre<\/strong>\u00a0para las Patentes cuyos \u00faltimos d\u00edgitos sean 4, 5 y 6.<\/p>\n\n\n\n<p><strong>Viernes 6 noviembre<\/strong>\u00a0\u00a0para las Patentes cuyos \u00faltimos d\u00edgitos sean 7, 8 y 9.<\/p>\n\n\n\n<p><strong>Lunes 9 noviembre\u00a0<\/strong>para las Patentes cuyo \u00faltimo d\u00edgito sea 0.<br><\/p>\n","protected":false},"excerpt":{"rendered":"<p>El Municipio de nuestra comuna, sigue buscando mecanismos de ayuda y apoyo para prevenir los contagios en la ciudadan\u00eda. Es por esto, que el d\u00eda de hoy, se dio inicio&#8230; <a class=\"read-more\" href=\"https:\/\/www.radiopresidenteibanez.cl\/web\/comenzo-la-sanitizacion-de-taxis-y-colectivos-en-el-parque-maria-behety\/\">Leer m\u00e1s<\/a><\/p>\n","protected":false},"author":2,"featured_media":15711,"comment_status":"closed","ping_status":"closed","sticky":false,"template":"","format":"standard","meta":{"footnotes":""},"categories":[1],"tags":[],"class_list":["post-15710","post","type-post","status-publish","format-standard","has-post-thumbnail","hentry","category-cronica"],"_links":{"self":[{"href":"https:\/\/www.radiopresidenteibanez.cl\/web\/wp-json\/wp\/v2\/posts\/15710","targetHints":{"allow":["GET"]}}],"collection":[{"href":"https:\/\/www.radiopresidenteibanez.cl\/web\/wp-json\/wp\/v2\/posts"}],"about":[{"href":"https:\/\/www.radiopresidenteibanez.cl\/web\/wp-json\/wp\/v2\/types\/post"}],"author":[{"embeddable":true,"href":"https:\/\/www.radiopresidenteibanez.cl\/web\/wp-json\/wp\/v2\/users\/2"}],"replies":[{"embeddable":true,"href":"https:\/\/www.radiopresidenteibanez.cl\/web\/wp-json\/wp\/v2\/comments?post=15710"}],"version-history":[{"count":0,"href":"https:\/\/www.radiopresidenteibanez.cl\/web\/wp-json\/wp\/v2\/posts\/15710\/revisions"}],"wp:featuredmedia":[{"embeddable":true,"href":"https:\/\/www.radiopresidenteibanez.cl\/web\/wp-json\/wp\/v2\/media\/15711"}],"wp:attachment":[{"href":"https:\/\/www.radiopresidenteibanez.cl\/web\/wp-json\/wp\/v2\/media?parent=15710"}],"wp:term":[{"taxonomy":"category","embeddable":true,"href":"https:\/\/www.radiopresidenteibanez.cl\/web\/wp-json\/wp\/v2\/categories?post=15710"},{"taxonomy":"post_tag","embeddable":true,"href":"https:\/\/www.radiopresidenteibanez.cl\/web\/wp-json\/wp\/v2\/tags?post=15710"}],"curies":[{"name":"wp","href":"https:\/\/api.w.org\/{rel}","templated":true}]}}