{"id":15707,"date":"2020-11-05T12:59:18","date_gmt":"2020-11-05T12:59:18","guid":{"rendered":"https:\/\/www.radiopresidenteibanez.cl\/web\/?p=15707"},"modified":"2020-11-05T12:59:23","modified_gmt":"2020-11-05T12:59:23","slug":"sector-salud-magallanes-refuerza-informacion-de-salud-para-migrantes-en-contexto-covid-19","status":"publish","type":"post","link":"https:\/\/www.radiopresidenteibanez.cl\/web\/sector-salud-magallanes-refuerza-informacion-de-salud-para-migrantes-en-contexto-covid-19\/","title":{"rendered":"SECTOR SALUD MAGALLANES REFUERZA INFORMACI\u00d3N DE SALUD PARA MIGRANTES EN CONTEXTO COVID-19"},"content":{"rendered":"\n<p>Chile\nse transform\u00f3 en un pa\u00eds de destino migratorio, lo cual significa un gran\ndesaf\u00edo para el sistema de salud ya que se debe avanzar en una cobertura\nuniversal que incorpore a todos los grupos de la poblaci\u00f3n, con \u00e9nfasis\nespecial en las personas migrantes.<\/p>\n\n\n\n<p>La\nsalud es una construcci\u00f3n colectiva por lo tanto incorporar al sistema de salud\na todos los grupos va en beneficio de toda la poblaci\u00f3n. En este contexto, el\nMinisterio de Salud ha incorporado en la Estrategia Nacional de Salud para el\n2011-2020 el desarrollo de la Pol\u00edtica de Salud de Migrantes Internacionales\ncomo uno de sus resultados esperados, cuyo objetivo es mejorar el acceso a la salud\nde las personas migrantes.<\/p>\n\n\n\n<p>Es\npor esto y bajo el contexto de pandemia actual, el sector salud de Magallanes\n(SEREMI de Salud, Servicio de Salud Magallanes y Hospital Cl\u00ednico Magallanes)\norganiz\u00f3 un ciclo de charlas informativas en contexto Covid-19 para toda la\ncomunidad migrante de la regi\u00f3n. <\/p>\n\n\n\n<p>El\nconversatorio tuvo como <a>objetivo contextualizar en el\nmarco de la Pol\u00edtica Nacional de Migrantes, la normativa nacional e\ninternacional y el enfoque de derechos humanos, as\u00ed como tambi\u00e9n difundir\ninformaci\u00f3n espec\u00edfica sobre acceso a salud, definici\u00f3n, promoci\u00f3n y prevenci\u00f3n\nde COVID-19, <\/a>y difundir la estrategia de Residencias Sanitarias en\nMagallanes.&nbsp; <\/p>\n\n\n\n<p>Al\nrespecto, la Trabajadora Social de la Seremi de Salud Magallanes, Susan Mayor\nse\u00f1al\u00f3 que: \u201cLa idea de estos conversatorios es poder acceder a informaci\u00f3n\noficial y beneficiosa para todos los migrantes extranjeros en relaci\u00f3n a la\natenci\u00f3n de salud y c\u00f3mo apoyarlos en la vinculaci\u00f3n con diferentes redes para\npoder responder a sus necesidades\u201d. <\/p>\n\n\n\n<p>Por\nsu parte, Daniella Bizama, referente de Participaci\u00f3n Social del Servicio de\nSalud Magallanes, agreg\u00f3 que la entrega de informaci\u00f3n y educaci\u00f3n a migrantes\ny comunidad debe ser una constante. \u201cSabemos de la necesidad de informaci\u00f3n de\nnuestros usuarios y usuarias, por lo que estas iniciativas y encuentros\ndeberemos fortalecerlos como Sector Salud, a fin de que nuestra comunidad\nmaneje informaci\u00f3n de primera fuente y sepa a donde debe recurrir por\nrequerimientos espec\u00edficos\u201d. <\/p>\n\n\n\n<p>En\nel Censo del a\u00f1o 2017, se registraron 746.465 personas nacidas en el extranjero\nque residen en Chile las que representan 4,35% de la poblaci\u00f3n total que vive\nen el pa\u00eds y a nivel regional en un 3%.<\/p>\n\n\n\n<p>De\nacuerdo a CASEN 2017, un 15,8% de las personas migrantes internacionales no\ntienen seguros de salud, comparado con solo 2,2% de personas nacionales sin\nseguro m\u00e9dico. Esta brecha, se intensifica adem\u00e1s en la poblaci\u00f3n de menores de\n14 a\u00f1os, en donde el 21,4% de los hijos de madres migrantes internacionales no\ncuentan con previsi\u00f3n de salud, comparado con el 1,6% de los hijos de madres\nnacionales.<\/p>\n\n\n\n<p>Respecto\na la nacionalidad de las personas migrantes en Magallanes seg\u00fan el CENSO 2017,\nse observa que la comunidad m\u00e1s relevante es la Argentina con un 36,4%, seguido\ndel grupo colombiano con un 24,8% y el proveniente de Venezuela con un\n4.3%.&nbsp; <\/p>\n\n\n\n<p>En\nrelaci\u00f3n a las visas otorgadas en la Regi\u00f3n de Magallanes durante el a\u00f1o 2015,\nequivale a 1.282 personas, representando el 50,4% en hombres, los colectivos\ncolombiano y argentino como los m\u00e1s prevalentes en esta regi\u00f3n con 28,6 y 28%.<\/p>\n\n\n\n<p>Para\nmayor informaci\u00f3n se puede acceder al link https:\/\/www.minsal.cl\/salud-del-inmigrante\/<\/p>\n","protected":false},"excerpt":{"rendered":"<p>Chile se transform\u00f3 en un pa\u00eds de destino migratorio, lo cual significa un gran desaf\u00edo para el sistema de salud ya que se debe avanzar en una cobertura universal que&#8230; <a class=\"read-more\" href=\"https:\/\/www.radiopresidenteibanez.cl\/web\/sector-salud-magallanes-refuerza-informacion-de-salud-para-migrantes-en-contexto-covid-19\/\">Leer m\u00e1s<\/a><\/p>\n","protected":false},"author":2,"featured_media":15708,"comment_status":"closed","ping_status":"closed","sticky":false,"template":"","format":"standard","meta":{"footnotes":""},"categories":[1],"tags":[],"class_list":["post-15707","post","type-post","status-publish","format-standard","has-post-thumbnail","hentry","category-cronica"],"_links":{"self":[{"href":"https:\/\/www.radiopresidenteibanez.cl\/web\/wp-json\/wp\/v2\/posts\/15707","targetHints":{"allow":["GET"]}}],"collection":[{"href":"https:\/\/www.radiopresidenteibanez.cl\/web\/wp-json\/wp\/v2\/posts"}],"about":[{"href":"https:\/\/www.radiopresidenteibanez.cl\/web\/wp-json\/wp\/v2\/types\/post"}],"author":[{"embeddable":true,"href":"https:\/\/www.radiopresidenteibanez.cl\/web\/wp-json\/wp\/v2\/users\/2"}],"replies":[{"embeddable":true,"href":"https:\/\/www.radiopresidenteibanez.cl\/web\/wp-json\/wp\/v2\/comments?post=15707"}],"version-history":[{"count":0,"href":"https:\/\/www.radiopresidenteibanez.cl\/web\/wp-json\/wp\/v2\/posts\/15707\/revisions"}],"wp:featuredmedia":[{"embeddable":true,"href":"https:\/\/www.radiopresidenteibanez.cl\/web\/wp-json\/wp\/v2\/media\/15708"}],"wp:attachment":[{"href":"https:\/\/www.radiopresidenteibanez.cl\/web\/wp-json\/wp\/v2\/media?parent=15707"}],"wp:term":[{"taxonomy":"category","embeddable":true,"href":"https:\/\/www.radiopresidenteibanez.cl\/web\/wp-json\/wp\/v2\/categories?post=15707"},{"taxonomy":"post_tag","embeddable":true,"href":"https:\/\/www.radiopresidenteibanez.cl\/web\/wp-json\/wp\/v2\/tags?post=15707"}],"curies":[{"name":"wp","href":"https:\/\/api.w.org\/{rel}","templated":true}]}}