{"id":15705,"date":"2020-11-05T12:57:03","date_gmt":"2020-11-05T12:57:03","guid":{"rendered":"https:\/\/www.radiopresidenteibanez.cl\/web\/?p=15705"},"modified":"2020-11-05T12:57:07","modified_gmt":"2020-11-05T12:57:07","slug":"sujeto-fue-condenado-por-lesionar-gravemente-a-transeunte","status":"publish","type":"post","link":"https:\/\/www.radiopresidenteibanez.cl\/web\/sujeto-fue-condenado-por-lesionar-gravemente-a-transeunte\/","title":{"rendered":"SUJETO FUE CONDENADO POR LESIONAR GRAVEMENTE A TRANSE\u00daNTE"},"content":{"rendered":"\n<p>Como &nbsp;autor&nbsp;\ndel delito de lesiones graves, hoy, en juicio oral, fue condenado &nbsp;Jos\u00e9 Roberto Guti\u00e9rrez Navarro. <\/p>\n\n\n\n<p>En su\nveredicto los magistrados indicaron que la audiencia de comunicaci\u00f3n de fallo,\ndonde se conocer\u00e1 la pena que deber\u00e1 cumplir el acusado, se efectuar\u00e1 el lunes\n9 de noviembre, a las 13:00 horas.&nbsp; <\/p>\n\n\n\n<p>Durante la audiencia, el Fiscal Sebasti\u00e1n Gonz\u00e1lez, acredit\u00f3 el hecho\nperpetrado el d\u00eda 20 de octubre de\n2018, alrededor de&nbsp; las 17:00 horas\naproximadamente, cuando la v\u00edctima caminaba por el sector de avenida Costanera\ndel Estrecho deteni\u00e9ndose al llegar a la intersecci\u00f3n con calle Quillota, lugar\ndonde fue increpado por el acusado debido a la presunta desaparici\u00f3n de unas\nherramientas, manifest\u00e1ndole la victima que se hab\u00eda confundido de persona,\ndesconociendo los motivos de su enojo, para luego continuar su andar, siendo\nseguido por Guti\u00e9rrez Navarro, quien lo intercept\u00f3, esta vez en forma m\u00e1s\nagresiva, golpe\u00e1ndolo, con un zapato de seguridad, gravemente en el est\u00f3mago y\nen la mand\u00edbula, para luego huir del lugar en direcci\u00f3n desconocida.<\/p>\n\n\n\n<p>Cabe indicar que la Fiscal\u00eda solicita se condene al acusado a la pena de tres a\u00f1os de presidio menor,\naccesorias legales y costas de la causa.<\/p>\n","protected":false},"excerpt":{"rendered":"<p>Como &nbsp;autor&nbsp; del delito de lesiones graves, hoy, en juicio oral, fue condenado &nbsp;Jos\u00e9 Roberto Guti\u00e9rrez Navarro. En su veredicto los magistrados indicaron que la audiencia de comunicaci\u00f3n de fallo,&#8230; <a class=\"read-more\" href=\"https:\/\/www.radiopresidenteibanez.cl\/web\/sujeto-fue-condenado-por-lesionar-gravemente-a-transeunte\/\">Leer m\u00e1s<\/a><\/p>\n","protected":false},"author":2,"featured_media":740,"comment_status":"closed","ping_status":"closed","sticky":false,"template":"","format":"standard","meta":{"footnotes":""},"categories":[1],"tags":[],"class_list":["post-15705","post","type-post","status-publish","format-standard","has-post-thumbnail","hentry","category-cronica"],"_links":{"self":[{"href":"https:\/\/www.radiopresidenteibanez.cl\/web\/wp-json\/wp\/v2\/posts\/15705","targetHints":{"allow":["GET"]}}],"collection":[{"href":"https:\/\/www.radiopresidenteibanez.cl\/web\/wp-json\/wp\/v2\/posts"}],"about":[{"href":"https:\/\/www.radiopresidenteibanez.cl\/web\/wp-json\/wp\/v2\/types\/post"}],"author":[{"embeddable":true,"href":"https:\/\/www.radiopresidenteibanez.cl\/web\/wp-json\/wp\/v2\/users\/2"}],"replies":[{"embeddable":true,"href":"https:\/\/www.radiopresidenteibanez.cl\/web\/wp-json\/wp\/v2\/comments?post=15705"}],"version-history":[{"count":0,"href":"https:\/\/www.radiopresidenteibanez.cl\/web\/wp-json\/wp\/v2\/posts\/15705\/revisions"}],"wp:featuredmedia":[{"embeddable":true,"href":"https:\/\/www.radiopresidenteibanez.cl\/web\/wp-json\/wp\/v2\/media\/740"}],"wp:attachment":[{"href":"https:\/\/www.radiopresidenteibanez.cl\/web\/wp-json\/wp\/v2\/media?parent=15705"}],"wp:term":[{"taxonomy":"category","embeddable":true,"href":"https:\/\/www.radiopresidenteibanez.cl\/web\/wp-json\/wp\/v2\/categories?post=15705"},{"taxonomy":"post_tag","embeddable":true,"href":"https:\/\/www.radiopresidenteibanez.cl\/web\/wp-json\/wp\/v2\/tags?post=15705"}],"curies":[{"name":"wp","href":"https:\/\/api.w.org\/{rel}","templated":true}]}}