{"id":15702,"date":"2020-11-05T12:53:25","date_gmt":"2020-11-05T12:53:25","guid":{"rendered":"https:\/\/www.radiopresidenteibanez.cl\/web\/?p=15702"},"modified":"2020-11-05T12:53:30","modified_gmt":"2020-11-05T12:53:30","slug":"4-nuevos-pacientes-fueron-trasladados-a-otros-hospitalarios-del-pais-desde-punta-arenas","status":"publish","type":"post","link":"https:\/\/www.radiopresidenteibanez.cl\/web\/4-nuevos-pacientes-fueron-trasladados-a-otros-hospitalarios-del-pais-desde-punta-arenas\/","title":{"rendered":"4 NUEVOS PACIENTES FUERON TRASLADADOS A OTROS HOSPITALARIOS DEL PA\u00cdS DESDE PUNTA ARENAS"},"content":{"rendered":"\n<p>4 nuevos egresos por traslado desde la Unidad\nde Paciente Critico UPC del Hospital Cl\u00ednico Magallanes hasta recintos\nasistenciales de la Regi\u00f3n Metropolitana, se encuentra gestionando la Unidad de\nCoordinaci\u00f3n del Hospital Cl\u00ednico Magallanes junto a la Unidad de Gesti\u00f3n\nCentralizada de Camas UGCC del Ministerio de Salud, en contexto de la Red\nIntegrada Covid_19.<\/p>\n\n\n\n<p>Los traslados a materializar durante la\ntarde noche de hoy, mi\u00e9rcoles 4 de noviembre con apoyo de la Fuerza A\u00e9rea de\nChile, se suman a los realizados a contar del pasado 27 de agosto, registrando\nal 03 de noviembre, 86 derivaciones desde el Hospital Cl\u00ednico y 12 desde el\nHospital Dr. Augusto Essmann Burgos de Puerto Natales, sumando en total 98\ntraslados desde Magallanes.<\/p>\n\n\n\n<p>Al respecto, el director del Servicio de\nSalud Magallanes, Nelson Reyes, coment\u00f3 que los traslados se realizan bajo la\nestrategia de liberaci\u00f3n de cupos cama UCI COVID -19, permitiendo al Hospital\nCl\u00ednico Magallanes \u2013 centro de referencia regional de la pandemia \u2013 contar con\nmayor n\u00famero de camas UCI disponibles, garantizando el acceso a la poblaci\u00f3n,\nen atenci\u00f3n directa al aumento de contagios a nivel local y, a lo din\u00e1mico de\nla emergencia.<\/p>\n\n\n\n<p>Se\u00f1alando Nelson Reyes que, claramente\nla Red Asistencial se encuentra trabajando con un nivel de exigencia mayor. \u201cHoy\ntenemos una sobredemanda de camas cr\u00edticas, especialmente en el Hospital\nCl\u00ednico Magallanes, por lo que debemos continuar con los traslados hacia otras\nregiones para que nos puedan apoyar y nosotros podamos disponer de camas ac\u00e1\npara nuestros usuarios que lo requieran\u201d, indic\u00f3 la autoridad.<\/p>\n\n\n\n<p>De igual forma, el director reitero el llamado a la comunidad a mantener las medicadas de precauci\u00f3n, debido a que los pacientes que hoy necesitan de hospitalizaci\u00f3n requieren de camas cr\u00edticas y soporte ventilatorio, siendo en muchos casos personas con enfermedades cr\u00f3nicas. <\/p>\n\n\n\n<p><\/p>\n\n\n\n<p>imagen: Samu Metropolitano<\/p>\n","protected":false},"excerpt":{"rendered":"<p>4 nuevos egresos por traslado desde la Unidad de Paciente Critico UPC del Hospital Cl\u00ednico Magallanes hasta recintos asistenciales de la Regi\u00f3n Metropolitana, se encuentra gestionando la Unidad de Coordinaci\u00f3n&#8230; <a class=\"read-more\" href=\"https:\/\/www.radiopresidenteibanez.cl\/web\/4-nuevos-pacientes-fueron-trasladados-a-otros-hospitalarios-del-pais-desde-punta-arenas\/\">Leer m\u00e1s<\/a><\/p>\n","protected":false},"author":2,"featured_media":15703,"comment_status":"closed","ping_status":"closed","sticky":false,"template":"","format":"standard","meta":{"footnotes":""},"categories":[1],"tags":[],"class_list":["post-15702","post","type-post","status-publish","format-standard","has-post-thumbnail","hentry","category-cronica"],"_links":{"self":[{"href":"https:\/\/www.radiopresidenteibanez.cl\/web\/wp-json\/wp\/v2\/posts\/15702","targetHints":{"allow":["GET"]}}],"collection":[{"href":"https:\/\/www.radiopresidenteibanez.cl\/web\/wp-json\/wp\/v2\/posts"}],"about":[{"href":"https:\/\/www.radiopresidenteibanez.cl\/web\/wp-json\/wp\/v2\/types\/post"}],"author":[{"embeddable":true,"href":"https:\/\/www.radiopresidenteibanez.cl\/web\/wp-json\/wp\/v2\/users\/2"}],"replies":[{"embeddable":true,"href":"https:\/\/www.radiopresidenteibanez.cl\/web\/wp-json\/wp\/v2\/comments?post=15702"}],"version-history":[{"count":0,"href":"https:\/\/www.radiopresidenteibanez.cl\/web\/wp-json\/wp\/v2\/posts\/15702\/revisions"}],"wp:featuredmedia":[{"embeddable":true,"href":"https:\/\/www.radiopresidenteibanez.cl\/web\/wp-json\/wp\/v2\/media\/15703"}],"wp:attachment":[{"href":"https:\/\/www.radiopresidenteibanez.cl\/web\/wp-json\/wp\/v2\/media?parent=15702"}],"wp:term":[{"taxonomy":"category","embeddable":true,"href":"https:\/\/www.radiopresidenteibanez.cl\/web\/wp-json\/wp\/v2\/categories?post=15702"},{"taxonomy":"post_tag","embeddable":true,"href":"https:\/\/www.radiopresidenteibanez.cl\/web\/wp-json\/wp\/v2\/tags?post=15702"}],"curies":[{"name":"wp","href":"https:\/\/api.w.org\/{rel}","templated":true}]}}