{"id":15699,"date":"2020-11-05T12:44:58","date_gmt":"2020-11-05T12:44:58","guid":{"rendered":"https:\/\/www.radiopresidenteibanez.cl\/web\/?p=15699"},"modified":"2020-11-05T12:45:03","modified_gmt":"2020-11-05T12:45:03","slug":"instituciones-de-educacion-superior-tecnico-profesional-se-unen-en-trabajo-inedito-para-apoyar-a-los-futuros-tecnicos-de-magallanes","status":"publish","type":"post","link":"https:\/\/www.radiopresidenteibanez.cl\/web\/instituciones-de-educacion-superior-tecnico-profesional-se-unen-en-trabajo-inedito-para-apoyar-a-los-futuros-tecnicos-de-magallanes\/","title":{"rendered":"INSTITUCIONES DE EDUCACI\u00d3N SUPERIOR T\u00c9CNICO PROFESIONAL SE UNEN EN TRABAJO IN\u00c9DITO PARA APOYAR A LOS FUTUROS T\u00c9CNICOS DE MAGALLANES"},"content":{"rendered":"\n<p>La Educaci\u00f3n Superior T\u00e9cnica Profesional ha cobrado cada vez con mayor relevancia a la hora de presentarse como una oportunidad real en la generaci\u00f3n de alternativas relacionadas con la reactivaci\u00f3n de la econom\u00eda nacional y regional, especialmente en la formaci\u00f3n de los t\u00e9cnicos para las actividades productivas que requiere el pa\u00eds, dando a su vez respuesta a la cada vez m\u00e1s urgente necesidad de potenciar la movilidad social y el empleo a partir de la formaci\u00f3n y valoraci\u00f3n de competencias en los estudiantes.<\/p>\n\n\n\n<p>Bajo este escenario, y lo ocasionado por la pandemia es que las Instituciones encargadas de ofrecer formaci\u00f3n TP en la regi\u00f3n de Magallanes decidieron unirse&nbsp; y trabajar en conjunto para promover las oportunidades que se ofrecen a los estudiantes del sector de la Educaci\u00f3n Superior, incluyendo la disposici\u00f3n de programas cortos, flexibles, aranceles m\u00e1s accesibles y menos restricciones para acceder a una IES \u2013 TP, entre otras condiciones particularmente ventajosas en una regi\u00f3n como Magallanes, que ha resultado particularmente golpeada por la contingencia sanitaria.<\/p>\n\n\n\n<p>Esta ma\u00f1ana, en una acci\u00f3n conjunta e in\u00e9dita en la regi\u00f3n, los representantes de los Institutos profesionales y Centros de Formaci\u00f3n T\u00e9cnica como el CFT Porvenir, Instituto Santo Tom\u00e1s, Escuela Tecnol\u00f3gica de la UMAG e INACAP, se reunieron para dar a conocer el trabajo que desarrollar\u00e1n, las acciones que pondr\u00e1n en marcha para generar cambios en los procesos de ingreso a la Educaci\u00f3n Superior, especialmente con la Prueba de Transici\u00f3n Universitaria y el nuevo sistema ACCESO, de manera que los estudiantes t\u00e9cnico profesionales puedan recibir a\u00fan m\u00e1s&nbsp; informaci\u00f3n respecto de las oportunidades de estudio, vacantes y requisitos que cada instituci\u00f3n tiene disponible.<\/p>\n\n\n\n<p>Al respecto, fue el&nbsp;<strong>Seremi de Educaci\u00f3n de Magallanes, Rodrigo Sep\u00falveda Tagle<\/strong>&nbsp;quien dio el vamos a esta iniciativa destacando el apoyo de las IES y CFT para tomar el desaf\u00edo que significar\u00e1 abordar esta situaci\u00f3n en la regi\u00f3n de Magallanes.<\/p>\n\n\n\n<p>\u201cEste trabajo permitir\u00e1 entregar de manera m\u00e1s directa y coordinada una oferta acad\u00e9mica para los estudiantes y t\u00e9cnicos de la regi\u00f3n que, debido a la pandemia y por otros diversos motivos, no podr\u00e1n acceder a toda la informaci\u00f3n disponible. Les pedimos a los padres y apoderados, a los trabajadores y los mismos estudiantes que buscan opciones en la formaci\u00f3n TP que revisen la informaci\u00f3n tanto en disponibilidad de oferta acad\u00e9mica y carreras como tambi\u00e9n en gratuidad. Somos de las pocas regiones en Chile que tienen 4 centros de formaci\u00f3n t\u00e9cnica bajo sistema de gratuidad. Esta es una muy buena noticia que nos llena de orgullo y nos impone un gran desaf\u00edo\u201d, destac\u00f3 el Seremi.<\/p>\n\n\n\n<p>Las cuatro instituciones con oferta en Educaci\u00f3n Superior T\u00e9cnico Profesional presentes en la regi\u00f3n de Magallanes sumar\u00e1n voluntades para generar un espacio para la informaci\u00f3n en materia de Sistema ACCESO, beneficios estudiantiles y oferta acad\u00e9mica para las y los magall\u00e1nicos.<\/p>\n\n\n\n<p><strong>Webinar \u201c<\/strong><strong>Plataforma ACCESO y Oportunidades T\u00e9cnico-Profesional en Magallanes\u201d<\/strong><\/p>\n\n\n\n<p>Entre las primeras acciones que esta alianza pondr\u00e1 en marcha se encuentra la realizaci\u00f3n de un webinar para estudiantes, apoderados y trabajadores interesados en titularse de una carrera t\u00e9cnica, evento online denominado&nbsp; \u201c<a>Plataforma ACCESO y Oportunidades T\u00e9cnico-Profesional en Magallanes\u201d&nbsp;<\/a>que se llevar\u00e1 a cabo el d\u00eda jueves 5 de noviembre a las 18:00 horas a trav\u00e9s del sitio web&nbsp;<a href=\"http:\/\/www.oportunidadestp.cl\/\" target=\"_blank\" rel=\"noreferrer noopener\">www.oportunidadestp.cl<\/a>&nbsp;y el Fanpage @OportunidadesEducaci\u00f3nSuperiorTPenMagallanes v\u00eda Facebook.<\/p>\n\n\n\n<p>La actividad contar\u00e1 con la presencia de M\u00f3nica Brevis Salda\u00f1o, jefa de Divisi\u00f3n de Educaci\u00f3n Superior T\u00e9cnica Profesional del Ministerio de Educaci\u00f3n quien entregar\u00e1 informaci\u00f3n detallada respecto a los cambios en los procesos de ingreso a la Educaci\u00f3n Superior T\u00e9cnico Profesional, con la Prueba de Transici\u00f3n Universitaria y especialmente el nuevo sistema ACCESO, que viene a dar cumplimiento a la Ley de Educaci\u00f3n Superior.<\/p>\n\n\n\n<p>Tambi\u00e9n colaborar\u00e1 Aliro Quezada, profesional de la SEREMI de Educaci\u00f3n de Magallanes quien entregar\u00e1 informaci\u00f3n sobre los beneficios estudiantiles como becas de arancel y gratuidad.<\/p>\n\n\n\n<p>Expondr\u00e1 tambi\u00e9n Daniela Calisto, que en representaci\u00f3n de la JUNAEB Magallanes presentar\u00e1 las opciones en becas de mantenci\u00f3n, para que los estudiantes puedan hacer uso del beneficio de gratuidad.<\/p>\n\n\n\n<p>Finalmente, las casas de estudio presentar\u00e1n sus respectivas ofertas acad\u00e9micas para el proceso de ADMISI\u00d3N 2021, donde con carreras cortas, programas flexibles y aranceles m\u00e1s accesibles, presentar\u00e1n al p\u00fablico interesado las opciones de Formaci\u00f3n T\u00e9cnica Profesional en la regi\u00f3n.<\/p>\n","protected":false},"excerpt":{"rendered":"<p>La Educaci\u00f3n Superior T\u00e9cnica Profesional ha cobrado cada vez con mayor relevancia a la hora de presentarse como una oportunidad real en la generaci\u00f3n de alternativas relacionadas con la reactivaci\u00f3n&#8230; <a class=\"read-more\" href=\"https:\/\/www.radiopresidenteibanez.cl\/web\/instituciones-de-educacion-superior-tecnico-profesional-se-unen-en-trabajo-inedito-para-apoyar-a-los-futuros-tecnicos-de-magallanes\/\">Leer m\u00e1s<\/a><\/p>\n","protected":false},"author":2,"featured_media":15700,"comment_status":"closed","ping_status":"closed","sticky":false,"template":"","format":"standard","meta":{"footnotes":""},"categories":[1],"tags":[],"class_list":["post-15699","post","type-post","status-publish","format-standard","has-post-thumbnail","hentry","category-cronica"],"_links":{"self":[{"href":"https:\/\/www.radiopresidenteibanez.cl\/web\/wp-json\/wp\/v2\/posts\/15699","targetHints":{"allow":["GET"]}}],"collection":[{"href":"https:\/\/www.radiopresidenteibanez.cl\/web\/wp-json\/wp\/v2\/posts"}],"about":[{"href":"https:\/\/www.radiopresidenteibanez.cl\/web\/wp-json\/wp\/v2\/types\/post"}],"author":[{"embeddable":true,"href":"https:\/\/www.radiopresidenteibanez.cl\/web\/wp-json\/wp\/v2\/users\/2"}],"replies":[{"embeddable":true,"href":"https:\/\/www.radiopresidenteibanez.cl\/web\/wp-json\/wp\/v2\/comments?post=15699"}],"version-history":[{"count":0,"href":"https:\/\/www.radiopresidenteibanez.cl\/web\/wp-json\/wp\/v2\/posts\/15699\/revisions"}],"wp:featuredmedia":[{"embeddable":true,"href":"https:\/\/www.radiopresidenteibanez.cl\/web\/wp-json\/wp\/v2\/media\/15700"}],"wp:attachment":[{"href":"https:\/\/www.radiopresidenteibanez.cl\/web\/wp-json\/wp\/v2\/media?parent=15699"}],"wp:term":[{"taxonomy":"category","embeddable":true,"href":"https:\/\/www.radiopresidenteibanez.cl\/web\/wp-json\/wp\/v2\/categories?post=15699"},{"taxonomy":"post_tag","embeddable":true,"href":"https:\/\/www.radiopresidenteibanez.cl\/web\/wp-json\/wp\/v2\/tags?post=15699"}],"curies":[{"name":"wp","href":"https:\/\/api.w.org\/{rel}","templated":true}]}}