{"id":15696,"date":"2020-11-05T12:39:12","date_gmt":"2020-11-05T12:39:12","guid":{"rendered":"https:\/\/www.radiopresidenteibanez.cl\/web\/?p=15696"},"modified":"2020-11-05T12:39:17","modified_gmt":"2020-11-05T12:39:17","slug":"gobierno-refuerza-en-terreno-construccion-de-cortafuegos-para-el-control-de-incendios-forestales","status":"publish","type":"post","link":"https:\/\/www.radiopresidenteibanez.cl\/web\/gobierno-refuerza-en-terreno-construccion-de-cortafuegos-para-el-control-de-incendios-forestales\/","title":{"rendered":"GOBIERNO REFUERZA EN TERRENO CONSTRUCCI\u00d3N DE CORTAFUEGOS PARA EL CONTROL DE INCENDIOS FORESTALES"},"content":{"rendered":"\n<p>Este mediod\u00eda el Gobernador Homero Villegas, Seremis de Gobierno y\nObras P\u00fablicas, Alejandra Mu\u00f1oz y Pablo Rendoll, y Director Regional de CONAF\nMauricio V\u00e9jar, se trasladaron hasta la Ruta 9 Norte para reforzar en terreno\nla construcci\u00f3n de cortafuegos que permitan el control de los incendios\nforestales.<\/p>\n\n\n\n<p>Entendiendo\nque los incendios forestales pueden tener un impacto significativo y duradero\nen los aspectos ecol\u00f3gicos, sociales y econ\u00f3micos, es fundamental implementar\nmedidas preventivas enfocadas en la planificaci\u00f3n y ejecuci\u00f3n de obras de\neliminaci\u00f3n de combustible vegetal. Ello, dado que los incendios forestales se\npropagan de acuerdo a la vegetaci\u00f3n existente en el territorio. Es por ello que\nel Ministerio de Obras P\u00fablicas y CONAF, se encuentran realizando un trabajo en\nconjunto contemplando la mantenci\u00f3n de la vegetaci\u00f3n en \u00e1reas identificadas con\nuna mayor amenaza, como las rutas principales en la Regi\u00f3n de Magallanes y de\nla Ant\u00e1rtica Chilena. <\/p>\n\n\n\n<p>\u201cEstamos abordando la implementaci\u00f3n de cortafuegos\na trav\u00e9s de un programa de conservaci\u00f3n vial en las distintas rutas de la\nregi\u00f3n, la que se materializa en una extensi\u00f3n de 227 kil\u00f3metros en Punta\nArenas\u201d, inform\u00f3 el Seremi de Obras P\u00fablicas Pablo Rendoll.<\/p>\n\n\n\n<p>En este sentido, el Director\nRegional de Conaf expuso que: \u201cEn Chile, el 99,9 por\nciento de los incendios son de origen humano sea accidental o intencional. Aqu\u00ed\nen la regi\u00f3n afortunadamente no tenemos una intencionalidad en los incendios\nforestales pero de repente el descuido de una persona que puede arrojar una\ncolilla de cigarro, una fogata mal apagada, alguna chispa que pueda saltar de\nlas cadenas de las ruedas de un veh\u00edculo con el pavimento&nbsp; pueden provocar\ngraves problemas debido al fuerte viento y las largas distancias\u201d.&nbsp;<\/p>\n\n\n\n<p>Misma\nopini\u00f3n comparte la Seremi de Gobierno, Alejandra Mu\u00f1oz, manifestando que \u201cel mayor porcentaje de incendios\nforestales son provocados por las personas y este tipo de iniciativas\ncontribuyen a prevenirlos y a cuidar nuestras reservas y patrimonios naturales,\ntanto en la Ruta 9 Norte como en el sector sur de la ciudad, a trav\u00e9s del\ntrabajo de conservaci\u00f3n que realiza la Direcci\u00f3n de Vialidad\u201d.<\/p>\n\n\n\n<p>Tras\nsupervisar en terreno la labor preventiva que se ejecuta en el marco de la\nconservaci\u00f3n del Ministerio de Obras P\u00fablicas, el Gobernador Homero Villegas,\nconcluy\u00f3 que: \u201cEstos trabajos&nbsp; de\nconservaci\u00f3n que realiza el MOP son fundamentales, y hoy adquieren mayor\nimportancia al trabajar en conjunto con Conaf en la mitigaci\u00f3n de los incendios\nforestales, y para ello se realiza el corte de pasto de tal manera de disminuir\nel nivel de combustible vegetal que pudiese ser causa de un incendio forestal\u201d.<\/p>\n","protected":false},"excerpt":{"rendered":"<p>Este mediod\u00eda el Gobernador Homero Villegas, Seremis de Gobierno y Obras P\u00fablicas, Alejandra Mu\u00f1oz y Pablo Rendoll, y Director Regional de CONAF Mauricio V\u00e9jar, se trasladaron hasta la Ruta 9&#8230; <a class=\"read-more\" href=\"https:\/\/www.radiopresidenteibanez.cl\/web\/gobierno-refuerza-en-terreno-construccion-de-cortafuegos-para-el-control-de-incendios-forestales\/\">Leer m\u00e1s<\/a><\/p>\n","protected":false},"author":2,"featured_media":15697,"comment_status":"closed","ping_status":"closed","sticky":false,"template":"","format":"standard","meta":{"footnotes":""},"categories":[1],"tags":[],"class_list":["post-15696","post","type-post","status-publish","format-standard","has-post-thumbnail","hentry","category-cronica"],"_links":{"self":[{"href":"https:\/\/www.radiopresidenteibanez.cl\/web\/wp-json\/wp\/v2\/posts\/15696","targetHints":{"allow":["GET"]}}],"collection":[{"href":"https:\/\/www.radiopresidenteibanez.cl\/web\/wp-json\/wp\/v2\/posts"}],"about":[{"href":"https:\/\/www.radiopresidenteibanez.cl\/web\/wp-json\/wp\/v2\/types\/post"}],"author":[{"embeddable":true,"href":"https:\/\/www.radiopresidenteibanez.cl\/web\/wp-json\/wp\/v2\/users\/2"}],"replies":[{"embeddable":true,"href":"https:\/\/www.radiopresidenteibanez.cl\/web\/wp-json\/wp\/v2\/comments?post=15696"}],"version-history":[{"count":0,"href":"https:\/\/www.radiopresidenteibanez.cl\/web\/wp-json\/wp\/v2\/posts\/15696\/revisions"}],"wp:featuredmedia":[{"embeddable":true,"href":"https:\/\/www.radiopresidenteibanez.cl\/web\/wp-json\/wp\/v2\/media\/15697"}],"wp:attachment":[{"href":"https:\/\/www.radiopresidenteibanez.cl\/web\/wp-json\/wp\/v2\/media?parent=15696"}],"wp:term":[{"taxonomy":"category","embeddable":true,"href":"https:\/\/www.radiopresidenteibanez.cl\/web\/wp-json\/wp\/v2\/categories?post=15696"},{"taxonomy":"post_tag","embeddable":true,"href":"https:\/\/www.radiopresidenteibanez.cl\/web\/wp-json\/wp\/v2\/tags?post=15696"}],"curies":[{"name":"wp","href":"https:\/\/api.w.org\/{rel}","templated":true}]}}