{"id":15693,"date":"2020-11-05T12:35:25","date_gmt":"2020-11-05T12:35:25","guid":{"rendered":"https:\/\/www.radiopresidenteibanez.cl\/web\/?p=15693"},"modified":"2020-11-05T12:35:30","modified_gmt":"2020-11-05T12:35:30","slug":"propietarios-de-locales-pertenecientes-a-caracol-austral-piden-abrir-para-reactivar-economia","status":"publish","type":"post","link":"https:\/\/www.radiopresidenteibanez.cl\/web\/propietarios-de-locales-pertenecientes-a-caracol-austral-piden-abrir-para-reactivar-economia\/","title":{"rendered":"PROPIETARIOS DE LOCALES PERTENECIENTES A \u00abCARACOL AUSTRAL\u00bb PIDEN ABRIR PARA REACTIVAR ECONOM\u00cdA"},"content":{"rendered":"\n<p>Durante la jornada de ayer mi\u00e9rcoles, propietarios y trabajadores de la galer\u00eda \u00abCaracol Austral\u00bb de Punta Arenas, se movilizaron con la finalidad de hacer un llamado a las autoridades para poder abrir sus locales y ayudar en la reactivaci\u00f3n econ\u00f3mica de la regi\u00f3n.<\/p>\n\n\n\n<p>En la ocasi\u00f3n, los propietarios indicaron que cuentan con todas las medidas sanitarias para atender a la comunidad que desee acercarse a sus locales, as\u00ed tambi\u00e9n, ayer se movilizaron de igual forma los propietarios pertenecientes al \u00e1rea de la gastronom\u00eda, turismo y hoteler\u00eda, solicitando medidas al gobierno regional y nacional.<\/p>\n\n\n\n<p><\/p>\n\n\n\n<p>CHH.<\/p>\n","protected":false},"excerpt":{"rendered":"<p>Durante la jornada de ayer mi\u00e9rcoles, propietarios y trabajadores de la galer\u00eda \u00abCaracol Austral\u00bb de Punta Arenas, se movilizaron con la finalidad de hacer un llamado a las autoridades para&#8230; <a class=\"read-more\" href=\"https:\/\/www.radiopresidenteibanez.cl\/web\/propietarios-de-locales-pertenecientes-a-caracol-austral-piden-abrir-para-reactivar-economia\/\">Leer m\u00e1s<\/a><\/p>\n","protected":false},"author":2,"featured_media":15694,"comment_status":"closed","ping_status":"closed","sticky":false,"template":"","format":"standard","meta":{"footnotes":""},"categories":[1],"tags":[],"class_list":["post-15693","post","type-post","status-publish","format-standard","has-post-thumbnail","hentry","category-cronica"],"_links":{"self":[{"href":"https:\/\/www.radiopresidenteibanez.cl\/web\/wp-json\/wp\/v2\/posts\/15693","targetHints":{"allow":["GET"]}}],"collection":[{"href":"https:\/\/www.radiopresidenteibanez.cl\/web\/wp-json\/wp\/v2\/posts"}],"about":[{"href":"https:\/\/www.radiopresidenteibanez.cl\/web\/wp-json\/wp\/v2\/types\/post"}],"author":[{"embeddable":true,"href":"https:\/\/www.radiopresidenteibanez.cl\/web\/wp-json\/wp\/v2\/users\/2"}],"replies":[{"embeddable":true,"href":"https:\/\/www.radiopresidenteibanez.cl\/web\/wp-json\/wp\/v2\/comments?post=15693"}],"version-history":[{"count":0,"href":"https:\/\/www.radiopresidenteibanez.cl\/web\/wp-json\/wp\/v2\/posts\/15693\/revisions"}],"wp:featuredmedia":[{"embeddable":true,"href":"https:\/\/www.radiopresidenteibanez.cl\/web\/wp-json\/wp\/v2\/media\/15694"}],"wp:attachment":[{"href":"https:\/\/www.radiopresidenteibanez.cl\/web\/wp-json\/wp\/v2\/media?parent=15693"}],"wp:term":[{"taxonomy":"category","embeddable":true,"href":"https:\/\/www.radiopresidenteibanez.cl\/web\/wp-json\/wp\/v2\/categories?post=15693"},{"taxonomy":"post_tag","embeddable":true,"href":"https:\/\/www.radiopresidenteibanez.cl\/web\/wp-json\/wp\/v2\/tags?post=15693"}],"curies":[{"name":"wp","href":"https:\/\/api.w.org\/{rel}","templated":true}]}}