{"id":15691,"date":"2020-11-05T12:24:48","date_gmt":"2020-11-05T12:24:48","guid":{"rendered":"https:\/\/www.radiopresidenteibanez.cl\/web\/?p=15691"},"modified":"2020-11-05T12:24:52","modified_gmt":"2020-11-05T12:24:52","slug":"carta-a-los-y-las-militantes-p-d-c-magallanes","status":"publish","type":"post","link":"https:\/\/www.radiopresidenteibanez.cl\/web\/carta-a-los-y-las-militantes-p-d-c-magallanes\/","title":{"rendered":"CARTA A LOS Y LAS MILITANTES P.D.C MAGALLANES"},"content":{"rendered":"\n<p>Estimados y estimadas Camaradas:<br><\/p>\n\n\n\n<p>Junto con saludarles, y deseando&nbsp; se encuentren bien de salud junto a sus familias, me dirijo a ustedes en mi calidad de Presidenta Regional de la Democracia Cristiana en Magallanes, con el objeto de hacer algunas reflexiones sobre los momentos que vive nuestra regi\u00f3n y el pa\u00eds, pero sobre todo, para convocarlos a seguir trabajando con esperanza y convicci\u00f3n en los desaf\u00edos que vienen.<br><\/p>\n\n\n\n<p>Antes que todo, quiero agradecerles su importante compromiso mostrado a pesar de las condiciones sanitarias, durante la campa\u00f1a por el Apruebo y la Convenci\u00f3n Constitucional, nuestro partido tuvo un despliegue del que debemos sentirnos orgullosos, y que por lo tanto, nos empuja a seguir trabajando con m\u00e1s fuerza en las tareas venideras.<br><\/p>\n\n\n\n<p>La situaci\u00f3n que vive la pol\u00edtica en nuestro pa\u00eds nos entrega un mensaje claro, debemos volcarnos a los territorios, a estar m\u00e1s cerca de la gente, a escuchar sus demandas y empatizar con sus dolores. Lo anterior, nos obliga a vivir nuestra militancia con coherencia, consecuencia y sentido comunitario. La gente no tolera m\u00e1s a quienes ven en la pol\u00edtica intereses personales y mezquinos, sino que, por el contrario, valora a quienes trabajan el bien com\u00fan y los esfuerzos colectivos, aquellos valores son los motores que deben movilizarnos de cara a la ciudadan\u00eda.<br><\/p>\n\n\n\n<p>Hoy en nuestra regi\u00f3n tenemos un tremendo desaf\u00edo, al cual las y los quiero invitar a trabajar decidida y disciplinadamente, y ese desaf\u00edo es el de triunfar el pr\u00f3ximo 29 de noviembre en las primarias de Gobernador Regional, con nuestro camarada Juan Francisco Miranda Soto.<br><\/p>\n\n\n\n<p>Todos quienes militamos en la DC de Magallanes conocemos a Juan Francisco, un camarada honesto, consecuente, permanentemente dispuesto a servir, y con una mirada regional que es justamente la que necesitamos para que nos represente en las elecciones de abril de 2021.<br><\/p>\n\n\n\n<p>Hoy requerimos de cada uno de ustedes para hacer realidad este desaf\u00edo, es por esto que los invito a recordar ese juramento que un d\u00eda hicimos de servir fielmente a nuestro Partido y a Chile, es hora de&nbsp; volcar&nbsp; todas nuestras energ\u00edas en la contienda electoral del 29 de noviembre. Necesitamos una DC movilizada y comprometida, ya que ser\u00e1 la historia la que nos juzgar\u00e1, si estuvimos o no a la altura, de uno de los desaf\u00edos m\u00e1s importantes en la historia de nuestra regi\u00f3n.<br><\/p>\n\n\n\n<p>Me despido fraternalmente, y con la seguridad y confianza, de que todos mis camaradas honrar\u00e1n con su testimonio y trabajo, las nobles banderas de nuestro querido partido.<br><\/p>\n\n\n\n<p><strong>GLORIA CHODIL IVANOVIC<\/strong><\/p>\n\n\n\n<p><strong> Presidenta Regional P<\/strong><strong>artido Dem\u00f3crata Cristiano de Magallanes y la Ant\u00e1rtica Chilena<\/strong><\/p>\n","protected":false},"excerpt":{"rendered":"<p>Estimados y estimadas Camaradas: Junto con saludarles, y deseando&nbsp; se encuentren bien de salud junto a sus familias, me dirijo a ustedes en mi calidad de Presidenta Regional de la&#8230; <a class=\"read-more\" href=\"https:\/\/www.radiopresidenteibanez.cl\/web\/carta-a-los-y-las-militantes-p-d-c-magallanes\/\">Leer m\u00e1s<\/a><\/p>\n","protected":false},"author":2,"featured_media":4398,"comment_status":"closed","ping_status":"closed","sticky":false,"template":"","format":"standard","meta":{"footnotes":""},"categories":[1],"tags":[],"class_list":["post-15691","post","type-post","status-publish","format-standard","has-post-thumbnail","hentry","category-cronica"],"_links":{"self":[{"href":"https:\/\/www.radiopresidenteibanez.cl\/web\/wp-json\/wp\/v2\/posts\/15691","targetHints":{"allow":["GET"]}}],"collection":[{"href":"https:\/\/www.radiopresidenteibanez.cl\/web\/wp-json\/wp\/v2\/posts"}],"about":[{"href":"https:\/\/www.radiopresidenteibanez.cl\/web\/wp-json\/wp\/v2\/types\/post"}],"author":[{"embeddable":true,"href":"https:\/\/www.radiopresidenteibanez.cl\/web\/wp-json\/wp\/v2\/users\/2"}],"replies":[{"embeddable":true,"href":"https:\/\/www.radiopresidenteibanez.cl\/web\/wp-json\/wp\/v2\/comments?post=15691"}],"version-history":[{"count":0,"href":"https:\/\/www.radiopresidenteibanez.cl\/web\/wp-json\/wp\/v2\/posts\/15691\/revisions"}],"wp:featuredmedia":[{"embeddable":true,"href":"https:\/\/www.radiopresidenteibanez.cl\/web\/wp-json\/wp\/v2\/media\/4398"}],"wp:attachment":[{"href":"https:\/\/www.radiopresidenteibanez.cl\/web\/wp-json\/wp\/v2\/media?parent=15691"}],"wp:term":[{"taxonomy":"category","embeddable":true,"href":"https:\/\/www.radiopresidenteibanez.cl\/web\/wp-json\/wp\/v2\/categories?post=15691"},{"taxonomy":"post_tag","embeddable":true,"href":"https:\/\/www.radiopresidenteibanez.cl\/web\/wp-json\/wp\/v2\/tags?post=15691"}],"curies":[{"name":"wp","href":"https:\/\/api.w.org\/{rel}","templated":true}]}}