{"id":15688,"date":"2020-11-04T19:41:13","date_gmt":"2020-11-04T19:41:13","guid":{"rendered":"https:\/\/www.radiopresidenteibanez.cl\/web\/?p=15688"},"modified":"2020-11-04T19:41:19","modified_gmt":"2020-11-04T19:41:19","slug":"a-5-anos-y-un-dia-de-presidio-fue-condenado-sujeto-por-robar-especies-y-vehiculo-desde-casa-particular","status":"publish","type":"post","link":"https:\/\/www.radiopresidenteibanez.cl\/web\/a-5-anos-y-un-dia-de-presidio-fue-condenado-sujeto-por-robar-especies-y-vehiculo-desde-casa-particular\/","title":{"rendered":"A 5 A\u00d1OS Y UN D\u00cdA DE PRESIDIO FUE CONDENADO SUJETO POR ROBAR ESPECIES Y VEH\u00cdCULO DESDE CASA PARTICULAR"},"content":{"rendered":"\n<p>5 a\u00f1os y un d\u00eda c\u00e1rcel efectiva deber\u00e1 cumplir\nFrancisco S\u00e1nchez Levipich\u00fan como autor&nbsp;\ndel delito consumado de robo con fuerza en lugar destinado&nbsp; a la habitaci\u00f3n. <\/p>\n\n\n\n<p>La sentencia se conoci\u00f3 hoy, luego de que la semana\npasada se realizara el juicio oral donde el Fiscal Sebasti\u00e1n Gonz\u00e1lez, prob\u00f3\nque el delito se perpetr\u00f3 el d\u00eda 1 de diciembre de 2019, en\nhoras de la tarde, cuando &nbsp;S\u00e1nchez\nLevipich\u00fan, en conjunto con otro sujeto no identificado, concurrieron al\ninmueble ubicado en una parcela ingresando mediante escalamiento por una\nventana, la cual forzaron para luego sustraer diversas especies desde distintas\ndependencias, entre ellos &nbsp;IPAD PRO,\navaluados en la suma de $700.000 y $1.000.000, &nbsp;un tel\u00e9fono IPHONE 6 PLUS, una argolla de\nmatrimonio grabada, y una cadena, &nbsp;parlantes , aud\u00edfonos, comida del congelador,\ncomo tambi\u00e9n una camioneta marca Ford, modelo Ranger con la cual huyeron con\nlas especies, siendo perseguidos por los polic\u00edas hasta el sector de Pampa,\ngracias a que un computador ten\u00eda GPS, Redonda, donde detuvieron el veh\u00edculo abruptamente\ny ambos ocupantes continuaron la huida a pie, logrando detenerse a S\u00e1nchez\nLevipich\u00fan quien descendi\u00f3 desde la puerta del copiloto, espacio donde fueron\nencontradas la mochila y diferentes especies sustra\u00eddas desde el inmueble.<\/p>\n","protected":false},"excerpt":{"rendered":"<p>5 a\u00f1os y un d\u00eda c\u00e1rcel efectiva deber\u00e1 cumplir Francisco S\u00e1nchez Levipich\u00fan como autor&nbsp; del delito consumado de robo con fuerza en lugar destinado&nbsp; a la habitaci\u00f3n. La sentencia se&#8230; <a class=\"read-more\" href=\"https:\/\/www.radiopresidenteibanez.cl\/web\/a-5-anos-y-un-dia-de-presidio-fue-condenado-sujeto-por-robar-especies-y-vehiculo-desde-casa-particular\/\">Leer m\u00e1s<\/a><\/p>\n","protected":false},"author":2,"featured_media":740,"comment_status":"closed","ping_status":"closed","sticky":false,"template":"","format":"standard","meta":{"footnotes":""},"categories":[1],"tags":[],"class_list":["post-15688","post","type-post","status-publish","format-standard","has-post-thumbnail","hentry","category-cronica"],"_links":{"self":[{"href":"https:\/\/www.radiopresidenteibanez.cl\/web\/wp-json\/wp\/v2\/posts\/15688","targetHints":{"allow":["GET"]}}],"collection":[{"href":"https:\/\/www.radiopresidenteibanez.cl\/web\/wp-json\/wp\/v2\/posts"}],"about":[{"href":"https:\/\/www.radiopresidenteibanez.cl\/web\/wp-json\/wp\/v2\/types\/post"}],"author":[{"embeddable":true,"href":"https:\/\/www.radiopresidenteibanez.cl\/web\/wp-json\/wp\/v2\/users\/2"}],"replies":[{"embeddable":true,"href":"https:\/\/www.radiopresidenteibanez.cl\/web\/wp-json\/wp\/v2\/comments?post=15688"}],"version-history":[{"count":0,"href":"https:\/\/www.radiopresidenteibanez.cl\/web\/wp-json\/wp\/v2\/posts\/15688\/revisions"}],"wp:featuredmedia":[{"embeddable":true,"href":"https:\/\/www.radiopresidenteibanez.cl\/web\/wp-json\/wp\/v2\/media\/740"}],"wp:attachment":[{"href":"https:\/\/www.radiopresidenteibanez.cl\/web\/wp-json\/wp\/v2\/media?parent=15688"}],"wp:term":[{"taxonomy":"category","embeddable":true,"href":"https:\/\/www.radiopresidenteibanez.cl\/web\/wp-json\/wp\/v2\/categories?post=15688"},{"taxonomy":"post_tag","embeddable":true,"href":"https:\/\/www.radiopresidenteibanez.cl\/web\/wp-json\/wp\/v2\/tags?post=15688"}],"curies":[{"name":"wp","href":"https:\/\/api.w.org\/{rel}","templated":true}]}}