{"id":15685,"date":"2020-11-04T19:11:19","date_gmt":"2020-11-04T19:11:19","guid":{"rendered":"https:\/\/www.radiopresidenteibanez.cl\/web\/?p=15685"},"modified":"2020-11-04T19:11:24","modified_gmt":"2020-11-04T19:11:24","slug":"senadora-goic-en-el-marco-de-la-crisis-sanitaria-debemos-garantizar-que-la-vuelta-al-mundo-laboral-sea-seguro","status":"publish","type":"post","link":"https:\/\/www.radiopresidenteibanez.cl\/web\/senadora-goic-en-el-marco-de-la-crisis-sanitaria-debemos-garantizar-que-la-vuelta-al-mundo-laboral-sea-seguro\/","title":{"rendered":"SENADORA GOIC: \u201cEN EL MARCO DE LA CRISIS SANITARIA DEBEMOS GARANTIZAR QUE LA VUELTA AL MUNDO LABORAL SEA SEGURO\u201d"},"content":{"rendered":"\n<p>La comisi\u00f3n del trabajo del\nsenado aprob\u00f3 este martes el proyecto de ley que apunta a regularizar las\nactividades productivas cuando las condiciones sanitarias lo permitan, siempre\nbajo estrictas medidas que eviten cualquier contagio de Coronavirus, con\nmedidas de protecci\u00f3n para el retorno gradual y seguro al trabajo en el marco\nde la crisis sanitaria.<\/p>\n\n\n\n<p>As\u00ed lo inform\u00f3 la senadora Goic,\nquien dijo que \u201ccon este proyecto lo que buscamos es un retorno seguro al mundo\nlaboral que garantiza la cobertura y el pego \u00edntegro de las licencias en el\ncaso de COVID para trabajadores y trabajadoras, como a su vez el financiamiento\nde las atenciones, hospitalizaciones y rehabilitaci\u00f3n en forma \u00edntegra sin que\ntengan que poner copagos los trabajadores, independiente si su contagio ocurri\u00f3\no no en el lugar del trabajo\u201d, se\u00f1al\u00f3 la parlamentaria magall\u00e1nica. <\/p>\n\n\n\n<p>Luego dijo que, a su vez se\nincorpora un seguro de vida, como tambi\u00e9n se establece un protocolo y el rol de\nlas mutuales, reforzando lo preventivo para una vuelta segura. \u201cEsto lo hacemos\npara contribuir en algo que esperamos se pueda dar vuelta en nuestra regi\u00f3n y\npodemos salid del confinamiento, pudiendo retomar de apoco la actividad\nproductiva. Hay muchas familias que lo est\u00e1n pasando muy mal, muchos\ntrabajadores, peque\u00f1os empresarios que necesitan retornar a sus actividades\u201d,\nexplic\u00f3 la senadora magall\u00e1nica.<\/p>\n","protected":false},"excerpt":{"rendered":"<p>La comisi\u00f3n del trabajo del senado aprob\u00f3 este martes el proyecto de ley que apunta a regularizar las actividades productivas cuando las condiciones sanitarias lo permitan, siempre bajo estrictas medidas&#8230; <a class=\"read-more\" href=\"https:\/\/www.radiopresidenteibanez.cl\/web\/senadora-goic-en-el-marco-de-la-crisis-sanitaria-debemos-garantizar-que-la-vuelta-al-mundo-laboral-sea-seguro\/\">Leer m\u00e1s<\/a><\/p>\n","protected":false},"author":2,"featured_media":14378,"comment_status":"closed","ping_status":"closed","sticky":false,"template":"","format":"standard","meta":{"footnotes":""},"categories":[1],"tags":[],"class_list":["post-15685","post","type-post","status-publish","format-standard","has-post-thumbnail","hentry","category-cronica"],"_links":{"self":[{"href":"https:\/\/www.radiopresidenteibanez.cl\/web\/wp-json\/wp\/v2\/posts\/15685","targetHints":{"allow":["GET"]}}],"collection":[{"href":"https:\/\/www.radiopresidenteibanez.cl\/web\/wp-json\/wp\/v2\/posts"}],"about":[{"href":"https:\/\/www.radiopresidenteibanez.cl\/web\/wp-json\/wp\/v2\/types\/post"}],"author":[{"embeddable":true,"href":"https:\/\/www.radiopresidenteibanez.cl\/web\/wp-json\/wp\/v2\/users\/2"}],"replies":[{"embeddable":true,"href":"https:\/\/www.radiopresidenteibanez.cl\/web\/wp-json\/wp\/v2\/comments?post=15685"}],"version-history":[{"count":0,"href":"https:\/\/www.radiopresidenteibanez.cl\/web\/wp-json\/wp\/v2\/posts\/15685\/revisions"}],"wp:featuredmedia":[{"embeddable":true,"href":"https:\/\/www.radiopresidenteibanez.cl\/web\/wp-json\/wp\/v2\/media\/14378"}],"wp:attachment":[{"href":"https:\/\/www.radiopresidenteibanez.cl\/web\/wp-json\/wp\/v2\/media?parent=15685"}],"wp:term":[{"taxonomy":"category","embeddable":true,"href":"https:\/\/www.radiopresidenteibanez.cl\/web\/wp-json\/wp\/v2\/categories?post=15685"},{"taxonomy":"post_tag","embeddable":true,"href":"https:\/\/www.radiopresidenteibanez.cl\/web\/wp-json\/wp\/v2\/tags?post=15685"}],"curies":[{"name":"wp","href":"https:\/\/api.w.org\/{rel}","templated":true}]}}