{"id":15682,"date":"2020-11-04T19:09:54","date_gmt":"2020-11-04T19:09:54","guid":{"rendered":"https:\/\/www.radiopresidenteibanez.cl\/web\/?p=15682"},"modified":"2020-11-04T19:09:59","modified_gmt":"2020-11-04T19:09:59","slug":"sercotec-magallanes-lanza-programa-reactivate-organizaciones-regionales-y-nacionales","status":"publish","type":"post","link":"https:\/\/www.radiopresidenteibanez.cl\/web\/sercotec-magallanes-lanza-programa-reactivate-organizaciones-regionales-y-nacionales\/","title":{"rendered":"SERCOTEC MAGALLANES LANZA PROGRAMA REACT\u00cdVATE ORGANIZACIONES REGIONALES Y NACIONALES"},"content":{"rendered":"\n<p>Sercotec\nMagallanes dio inicio hoy mi\u00e9rcoles 4 de noviembre la convocatoria del programa\nReact\u00edvate Organizaciones Regionales y Nacionales, que entrega un fondo no\nreembolsable de hasta $15.000.000 a asociaciones gremiales, corporaciones,\nc\u00e1maras de comercio, de turismo, federaciones regionales, sindicatos de\ntrabajadores independientes, de taxis, de pesca, constituidas por micro y\npeque\u00f1as empresas o personas naturales o jur\u00eddicas con iniciaci\u00f3n de\nactividades y ventas anuales inferiores a UF 25.000.<\/p>\n\n\n\n<p>Tambi\u00e9n pueden\npostular cooperativas agr\u00edcolas, campesinas y pesqueras, cooperativas de\ntrabajo, cooperativas de servicio (con fines productivos) con iniciaci\u00f3n de\nactividades ante el SII y ventas anuales inferiores a UF 25.000.<\/p>\n\n\n\n<p>Al respecto, la\nIntendenta de Regional, Jennifer Rojas, afirm\u00f3 \u201cuna muy buena noticia, hoy d\u00eda\nse lanza el sexto llamado a organizaciones regionales, a trav\u00e9s de Sercotec\npodr\u00e1n postular asociaciones gremiales, corporaciones, c\u00e1maras de comercio, de\nturismo, federaciones, sindicatos de pesca, taxi, solamente por nombrar\nalgunos. De que se trata, un fondo concursable de hasta 15 millones de pesos no\nreembolsables a nivel regional para poder pensar en una reapertura. \u00bfQu\u00e9 va a\nfinanciar? kit de sanitizaci\u00f3n, term\u00f3metro, se\u00f1al\u00e9tica para se\u00f1alar\ndistanciamiento, entre otros elementos que puedan ayudar a que nuestras pymes\nse puedan reactivar<\/p>\n\n\n\n<p>Por su parte, la\ndirectora regional de Sercotec Magallanes, Mar\u00eda Soledad Solo de Zald\u00edvar,\nsostuvo \u201cdebido a la crisis econ\u00f3mica y sanitaria, Sercotec lanza un nuevo\nprograma que est\u00e1 dirigido a aquellos que est\u00e1n agrupados como gremios,\ncooperativas, c\u00e1maras de comercio, turismo, entre otras. Con estos fondos\nconcursables podr\u00e1s optar a 15 millones de pesos y las postulaciones est\u00e1n\nabiertas desde hoy 4 hasta el d\u00eda 17 de noviembre \u00a1Recuerda! que para postular\ndebes ingresar en www.sercotec.cl y si tienes alguna duda ll\u00e1manos al 232425000\nanexo 12\u201d.<\/p>\n\n\n\n<p>El programa, que\ntendr\u00e1 abierta su <strong>convocatoria hasta el\n17 de noviembre a las 15:00 horas, <\/strong>financia: acciones y medidas sanitarias,\ncomo son los kit de Sanitizaci\u00f3n que incluyen elementos como micas separadoras,\npantallas divisoras, implementaci\u00f3n de sanitizadores, term\u00f3metros infrarrojos o\ndigitales, implementos e insumos de sanitizaci\u00f3n, entre otros. Adem\u00e1s, pueden\nfinanciar acciones o actividades para la activaci\u00f3n y reapertura econ\u00f3mica;\ntales como, letreros de aforo m\u00e1ximo en restaurantes y comercios, demarcaciones\nde distanciamiento social, se\u00f1al\u00e9ticas, habilitaci\u00f3n de carros de compra en\np\u00e1ginas web, habilitaci\u00f3n de pago digital, kits para delivery, marketing\ndigital, campa\u00f1as educativas sanitarias, entre otros. As\u00ed tambi\u00e9n permite\napoyar con los gastos de capital de trabajo de la organizaci\u00f3n, acciones de\ngesti\u00f3n empresarial y actividades de comercializaci\u00f3n y de marketing, difusi\u00f3n\no publicidad.<\/p>\n\n\n\n<p>Para mayor\ninformaci\u00f3n del programa y postulaci\u00f3n, deben ingresar a <a href=\"http:\/\/www.sercotec.cl\">www.sercotec.cl<\/a> y buscar la convocatoria.\nRecomendamos que antes postular, descarguen y lean atentamente las bases y\nanexos de la Convocatoria. Si necesitas apoyo en tu postulaci\u00f3n ll\u00e1manos al\n232425000 anexo 12 o cont\u00e1ctanos por redes sociales.<\/p>\n\n\n\n<p><strong>1. Para Postular, se deben seguir los siguientes\npasos:<\/strong><\/p>\n\n\n\n<p><strong>1.<\/strong> Ingresar a www.sercotec.cl y\nregistrarse o actualizar antecedentes (Registro del representante legal de la\norganizaci\u00f3n).<\/p>\n\n\n\n<p><strong>2.<\/strong> Descargar y leer atentamente las\nbases y anexos de la Convocatoria.<\/p>\n\n\n\n<p><strong>3.<\/strong> Completar y enviar formulario de\npostulaci\u00f3n y anexos. <\/p>\n\n\n\n<p><strong>4.<\/strong> Quienes est\u00e9n interesados, podr\u00e1n\nparticipar en talleres virtuales de postulaci\u00f3n con el Agente Operador de\nSercotec (de car\u00e1cter opcional).<\/p>\n\n\n\n<p><strong>2. Los Requisitos para postular\nson:&nbsp; <\/strong><\/p>\n\n\n\n<p><strong>1.<\/strong> Acreditar ser una organizaci\u00f3n\nlegalmente constituida y vigente<\/p>\n\n\n\n<p><strong>2.<\/strong> Contar con RUT ante el Servicio de\nImpuestos Internos (SII).<\/p>\n\n\n\n<p><strong>3.<\/strong> En el caso de una asociaci\u00f3n\ngremial, corporaci\u00f3n, fundaci\u00f3n, c\u00e1mara de comercio, c\u00e1mara de turismo,\nfederaciones de car\u00e1cter regional, sindicato de trabajadores independientes,\nsindicatos de taxis colectivos y de pesca, deber\u00e1n estar constituidos con al\nmenos un 50% de micro y\/o peque\u00f1os empresarios\/as y\/o personas naturales o\njur\u00eddicas con iniciaci\u00f3n de actividades en primera o segunda categor\u00eda ante SII\ny ventas anuales no superiores a UF 25.000.<\/p>\n\n\n\n<p><strong>4<\/strong>. Para las cooperativas la iniciaci\u00f3n\nde actividades debes ser en primera categor\u00eda.<\/p>\n\n\n\n<p><strong>5<\/strong>. No deben tener deudas previsionales\no laborales morosas.<\/p>\n\n\n\n<p><strong>6.<\/strong> Las organizaciones gremiales que se\nencuentren dentro de un Barrio Comercial, solo podr\u00e1n postular aquellas que no\nhayan sido beneficiarias de la convocatoria de Barrios comerciales del a\u00f1o\n2019.<\/p>\n\n\n\n<p><strong>7.<\/strong> No podr\u00e1n postular las asociaciones\ngremiales que hayan sido beneficiarias de la convocatoria \u201cKit de Sanitizaci\u00f3n\nde Ferias Libres 2020 y\/o del Fondo de desarrollo de ferias libres 2020.<\/p>\n","protected":false},"excerpt":{"rendered":"<p>Sercotec Magallanes dio inicio hoy mi\u00e9rcoles 4 de noviembre la convocatoria del programa React\u00edvate Organizaciones Regionales y Nacionales, que entrega un fondo no reembolsable de hasta $15.000.000 a asociaciones gremiales,&#8230; <a class=\"read-more\" href=\"https:\/\/www.radiopresidenteibanez.cl\/web\/sercotec-magallanes-lanza-programa-reactivate-organizaciones-regionales-y-nacionales\/\">Leer m\u00e1s<\/a><\/p>\n","protected":false},"author":2,"featured_media":15683,"comment_status":"closed","ping_status":"closed","sticky":false,"template":"","format":"standard","meta":{"footnotes":""},"categories":[1],"tags":[],"class_list":["post-15682","post","type-post","status-publish","format-standard","has-post-thumbnail","hentry","category-cronica"],"_links":{"self":[{"href":"https:\/\/www.radiopresidenteibanez.cl\/web\/wp-json\/wp\/v2\/posts\/15682","targetHints":{"allow":["GET"]}}],"collection":[{"href":"https:\/\/www.radiopresidenteibanez.cl\/web\/wp-json\/wp\/v2\/posts"}],"about":[{"href":"https:\/\/www.radiopresidenteibanez.cl\/web\/wp-json\/wp\/v2\/types\/post"}],"author":[{"embeddable":true,"href":"https:\/\/www.radiopresidenteibanez.cl\/web\/wp-json\/wp\/v2\/users\/2"}],"replies":[{"embeddable":true,"href":"https:\/\/www.radiopresidenteibanez.cl\/web\/wp-json\/wp\/v2\/comments?post=15682"}],"version-history":[{"count":0,"href":"https:\/\/www.radiopresidenteibanez.cl\/web\/wp-json\/wp\/v2\/posts\/15682\/revisions"}],"wp:featuredmedia":[{"embeddable":true,"href":"https:\/\/www.radiopresidenteibanez.cl\/web\/wp-json\/wp\/v2\/media\/15683"}],"wp:attachment":[{"href":"https:\/\/www.radiopresidenteibanez.cl\/web\/wp-json\/wp\/v2\/media?parent=15682"}],"wp:term":[{"taxonomy":"category","embeddable":true,"href":"https:\/\/www.radiopresidenteibanez.cl\/web\/wp-json\/wp\/v2\/categories?post=15682"},{"taxonomy":"post_tag","embeddable":true,"href":"https:\/\/www.radiopresidenteibanez.cl\/web\/wp-json\/wp\/v2\/tags?post=15682"}],"curies":[{"name":"wp","href":"https:\/\/api.w.org\/{rel}","templated":true}]}}