{"id":15679,"date":"2020-11-04T19:08:38","date_gmt":"2020-11-04T19:08:38","guid":{"rendered":"https:\/\/www.radiopresidenteibanez.cl\/web\/?p=15679"},"modified":"2020-11-04T19:08:44","modified_gmt":"2020-11-04T19:08:44","slug":"seremi-de-salud-magallanes-duplica-numero-de-fiscalizaciones-covid-durante-los-ultimos-meses","status":"publish","type":"post","link":"https:\/\/www.radiopresidenteibanez.cl\/web\/seremi-de-salud-magallanes-duplica-numero-de-fiscalizaciones-covid-durante-los-ultimos-meses\/","title":{"rendered":"SEREMI DE SALUD MAGALLANES DUPLICA N\u00daMERO DE FISCALIZACIONES COVID DURANTE LOS \u00daLTIMOS MESES"},"content":{"rendered":"\n<p>Se realiz\u00f3 el balance de\nfiscalizaciones COVID-19 de la SEREMI de Salud Magallanes, recuento de cifras\nque dio a conocer el reforzamiento en la materia que ha realizado la autoridad\nsanitaria desde el pasado 8 de octubre cuando se present\u00f3 un equipo 15 nuevos\nfiscalizadores. <\/p>\n\n\n\n<p>La fiscalizaci\u00f3n es una importante\nherramienta para garantizar el cumplimiento de las medidas sanitarias\ndeterminadas por el Minsal, por lo que la Autoridad Sanitaria Regional desde\nseptiembre de este a\u00f1o dispuso de la contrataci\u00f3n de 35 personas para cumplir\nfunciones en barreras sanitarias, y as\u00ed liberar a los fiscalizadores que\nestaban cumpliendo labores en estos puntos, para enfocarse en las labores\ninspectivas. <\/p>\n\n\n\n<p>En octubre pasado se sumaron\n15 nuevos fiscalizadores para reforzar las labores de vigilancia de protocolos\nCOVID-19, lo que permiti\u00f3 disponer de 45 funcionarios para desarrollar funciones\ninspectivas en la regi\u00f3n. <\/p>\n\n\n\n<p>El Seremi de Salud (s)\nEduardo Castillo se\u00f1al\u00f3 que: \u201cEl n\u00famero de fiscalizadores se mantendr\u00e1n todo el\ntiempo necesario mientras tengamos la situaci\u00f3n de pandemia que se proyecta\npara varios meses m\u00e1s; todas las medidas que vamos implementando requieren de\nun apoyo de la fiscalizaci\u00f3n para que se puedan cumplir es por esto que este\nequipo se ha fortalecido y se mantendr\u00e1 fortalecido\u201d<\/p>\n\n\n\n<p>En materia de inspecciones\nde cumplimiento de cuarentena en domicilio a casos positivos de COVID-19 como\nde contactos estrechos, desde el inicio de la pandemia al 4 de noviembre se\nregistra un total de 46.060 fiscalizaciones y 379 sumarios de este tipo. <\/p>\n\n\n\n<p>Se observa un importante\nincremento de inspecciones desde el mes de agosto, en el que se realizaron\n4.284 fiscalizaciones de cuarentena en domicilio, en comparaci\u00f3n a los meses de\nseptiembre y octubre, en que la cifra aumento m\u00e1s de un 300%, con sobre 14.000\ninspecciones mensuales realizadas. <\/p>\n\n\n\n<p>Si bien la fiscalizaci\u00f3n de\ncuarentenas tiene directa relaci\u00f3n a la cantidad de casos positivos y contactos\nestrechos, durante los primeros meses el n\u00famero de fiscalizaci\u00f3n diaria\ncorrespond\u00eda a una cifra no superior a las 200 inspecciones y actualmente \u00e9stas\npueden alcanzar una cifra de hasta 600 visita diarias a domicilio.<\/p>\n\n\n\n<p>Este reforzamiento de la\npresencia en terreno tambi\u00e9n ha dado como resultado aumento de sumarios a\npersonas detectadas incumpliendo la cuarentena. Es as\u00ed que en agosto se\nrealizaron 70 sumarios, en septiembre 80 y en octubre la cifra fue de 114.<\/p>\n\n\n\n<p>Con respecto a fiscalizaciones\nde cumplimiento de protocolos COVID de empresas, comercio y locales de\nalimentos, en octubre se realizaron 330 inspecciones, en tanto que en\nseptiembre fueron 148, lo que significa que se duplicaron de un mes a otro. De\nigual forma, en materia de fiscalizaciones de uso de mascarillas,\ndistanciamiento social y permisos individuales, en octubre la cifra fue de\n20.579 inspecciones en diversos puntos de la ciudad. <\/p>\n\n\n\n<p>Se trata de un incremento\nrespecto al mes anterior, gracias al reforzamiento de la dotaci\u00f3n de personal,\nlo que contribuye a mantener un despliegue mayor en terreno para verificar el\ncumplimiento de las medidas de prevenci\u00f3n de COVID-19, adem\u00e1s de aumentar los\nhorarios de las inspecciones, las que se realizan de lunes a domingo, en\nhorarios diurnos y nocturnos. <\/p>\n\n\n\n<p>En materia de barrera y\ncordones sanitarios desde el inicio de la pandemia a la fecha han controlado\n456.046 personas, determinando el cumplimiento de cuarentena a 1.517 viajeros y\nel no ingreso a la regi\u00f3n o retorno a su localidad de origen a 1.963 personas.<\/p>\n\n\n\n<p>Como se ha reiterado,\nenfrentar esta pandemia es un trabajo de todos como comunidad, donde las\nacciones individuales e institucionales suman para contener esta pandemia. Es\nas\u00ed como este aumento de las fiscalizaciones de cumplimiento de los diversos\nprotocolos COVID contribuye a enfrentar el coronavirus, pero tambi\u00e9n tiene que\nconjugarse con el cumplimiento de estas medidas por parte de todos los actores\nsociales. <\/p>\n\n\n\n<p>Es por eso que las medidas\nde autocuidado deben mantenerse y reforzarse, por lo cual hay que lavarse las\nmanos con agua y jab\u00f3n de forma peri\u00f3dica, propiciar el distanciamiento f\u00edsico,\nusar mascarilla, ventilar los hogares y salir del hogar en casos estrictamente\nnecesarios.<\/p>\n","protected":false},"excerpt":{"rendered":"<p>Se realiz\u00f3 el balance de fiscalizaciones COVID-19 de la SEREMI de Salud Magallanes, recuento de cifras que dio a conocer el reforzamiento en la materia que ha realizado la autoridad&#8230; <a class=\"read-more\" href=\"https:\/\/www.radiopresidenteibanez.cl\/web\/seremi-de-salud-magallanes-duplica-numero-de-fiscalizaciones-covid-durante-los-ultimos-meses\/\">Leer m\u00e1s<\/a><\/p>\n","protected":false},"author":2,"featured_media":15680,"comment_status":"closed","ping_status":"closed","sticky":false,"template":"","format":"standard","meta":{"footnotes":""},"categories":[1],"tags":[],"class_list":["post-15679","post","type-post","status-publish","format-standard","has-post-thumbnail","hentry","category-cronica"],"_links":{"self":[{"href":"https:\/\/www.radiopresidenteibanez.cl\/web\/wp-json\/wp\/v2\/posts\/15679","targetHints":{"allow":["GET"]}}],"collection":[{"href":"https:\/\/www.radiopresidenteibanez.cl\/web\/wp-json\/wp\/v2\/posts"}],"about":[{"href":"https:\/\/www.radiopresidenteibanez.cl\/web\/wp-json\/wp\/v2\/types\/post"}],"author":[{"embeddable":true,"href":"https:\/\/www.radiopresidenteibanez.cl\/web\/wp-json\/wp\/v2\/users\/2"}],"replies":[{"embeddable":true,"href":"https:\/\/www.radiopresidenteibanez.cl\/web\/wp-json\/wp\/v2\/comments?post=15679"}],"version-history":[{"count":0,"href":"https:\/\/www.radiopresidenteibanez.cl\/web\/wp-json\/wp\/v2\/posts\/15679\/revisions"}],"wp:featuredmedia":[{"embeddable":true,"href":"https:\/\/www.radiopresidenteibanez.cl\/web\/wp-json\/wp\/v2\/media\/15680"}],"wp:attachment":[{"href":"https:\/\/www.radiopresidenteibanez.cl\/web\/wp-json\/wp\/v2\/media?parent=15679"}],"wp:term":[{"taxonomy":"category","embeddable":true,"href":"https:\/\/www.radiopresidenteibanez.cl\/web\/wp-json\/wp\/v2\/categories?post=15679"},{"taxonomy":"post_tag","embeddable":true,"href":"https:\/\/www.radiopresidenteibanez.cl\/web\/wp-json\/wp\/v2\/tags?post=15679"}],"curies":[{"name":"wp","href":"https:\/\/api.w.org\/{rel}","templated":true}]}}