{"id":15676,"date":"2020-11-04T19:04:03","date_gmt":"2020-11-04T19:04:03","guid":{"rendered":"https:\/\/www.radiopresidenteibanez.cl\/web\/?p=15676"},"modified":"2020-11-04T19:04:08","modified_gmt":"2020-11-04T19:04:08","slug":"estrecho-de-magallanes-y-200-anos-de-la-antartica-el-foco-del-dia-del-patrimonio-cultural-regional","status":"publish","type":"post","link":"https:\/\/www.radiopresidenteibanez.cl\/web\/estrecho-de-magallanes-y-200-anos-de-la-antartica-el-foco-del-dia-del-patrimonio-cultural-regional\/","title":{"rendered":"ESTRECHO DE MAGALLANES Y 200 A\u00d1OS DE LA ANT\u00c1RTICA, EL FOCO DEL D\u00cdA DEL PATRIMONIO CULTURAL REGIONAL"},"content":{"rendered":"\n<p>Con\nla mirada puesta en los 500 a\u00f1os del paso de Hernando de Magallanes por el\nterritorio austral y a 200 a\u00f1os de las\nprimeras expediciones polares a la Ant\u00e1rtica, se realizar\u00e1 una nueva edici\u00f3n del D\u00eda\ndel Patrimonio Cultural Regional. As\u00ed lo dieron a conocer, este mi\u00e9rcoles,\nrepresentantes de entidades p\u00fablicas y privadas que impulsan la tradicional\nconmemoraci\u00f3n.<\/p>\n\n\n\n<p>Exposiciones, recorridos hist\u00f3ricos, eventos\nliterarios, puestas en escena art\u00edsticas, exhibici\u00f3n de contenidos\naudiovisuales y conversatorios, todos en formato virtual producto de la\nemergencia sanitaria, figuran entre las iniciativas a las que la ciudadan\u00eda podr\u00e1\nacceder, este s\u00e1bado 7 de noviembre, en forma gratuita y desde sus dispositivos\nelectr\u00f3nicos.<\/p>\n\n\n\n<p>\u201cEstamos enfrentados a un momento \u00fanico a causa de\nla pandemia, pero no podemos dejar pasar esta tradicional conmemoraci\u00f3n para la\nregi\u00f3n de Magallanes. Con las instituciones que se han comprometido y que desde\nhace a\u00f1os nos acompa\u00f1an en esta iniciativa, nos hemos propuesto realizar este\nin\u00e9dito D\u00eda del Patrimonio Cultural Regional, poniendo \u00e9nfasis en hechos que\nhan marcado la historia local como la primera circunnavegaci\u00f3n a la Tierra y el\ndescubrimiento de la Ant\u00e1rtica. Invitamos a la ciudadan\u00eda para que disfruten\nlas actividades dise\u00f1adas y programadas para este s\u00e1bado\u201d, recalc\u00f3 la Seremi de\nlas Culturas, Katherine Ibacache, durante la ceremonia de lanzamiento en la que\ntambi\u00e9n participaron los Secretarios Regionales Ministeriales de Hacienda, Lil\nGarc\u00e9s; de la Mujer y la Equidad de G\u00e9nero, Daisy Carrera; de\nTransportes y Telecomunicaciones, Marco Mella; los gobernadores de las provincias de \u00daltima\nEsperanza, Ra\u00fal Suazo y Tierra del Fuego, Margarita Norambuena. &nbsp;<\/p>\n\n\n\n<p>La oferta program\u00e1tica incluye, entre otros, una Exposici\u00f3n\nDigital de fotograf\u00edas sobre la biodiversidad del Estrecho, pertenecientes a la\ncolecci\u00f3n del Museo Regional de Magallanes; lanzamientos de la \u201cGu\u00eda de Campo\nParque Nacional Pali Aike\u201d y el libro Reserva de Bi\u00f3sfera Torres del Paine,\nDesaf\u00edos de un nuevo territorio, a cargo de CONAF; la tercera edici\u00f3n de la\ngu\u00eda hist\u00f3rica \u00abHuellas Ant\u00e1rticas\u00bb, que conmemora el hito de los 500\na\u00f1os de la primera circunnavegaci\u00f3n del planeta y a 200 a\u00f1os de las primeras\nexpediciones polares a la Ant\u00e1rtica, presentadas por INACH; \u00ab\u00cdconos\nPatrimoniales de ENAP Magallanes\u00bb, video que cuenta la historia del\ndescubrimiento del petr\u00f3leo en el Pozo N\u00b01, en&nbsp;\nManantiales y una muestra de fotos e im\u00e1genes de archivo sobre la\nconstrucci\u00f3n del Edificio Central de ENAP Magallanes; el conversatorio \u00abYikwa\nNi Selk\u2019nam\u00bb (Somos los Selk\u00b4nam); c\u00e1psula audiovisual sobre Parque\nNacional Pali Aike, en conmemoraci\u00f3n de los 50 a\u00f1os de su creaci\u00f3n; documental\n\u00abSantuario Mar\u00eda Auxiliadora, Otros 100 a\u00f1os de la mano de nuestra Madre\nen Punta Arenas\u00bb; Exposici\u00f3n de trabajos de artesanas e ilustraciones de habitantes\nque forman parte de la comunidad de Torres del Paine; Homenaje a los equipos de\nsalud por su trabajo durante la pandemia; Circuito cultural de Nuestra Historia\nRegional, programa realizado por en Umag Tv y Museo Regional de Magallanes;\ndi\u00e1logo sobre la actividad portuaria, el mar y las personas que han estado en\neste territorio; recorridos virtuales por el museo municipal e iglesia de\nPorvenir; re-estreno del documental (A) CERCA DEL CAMPO (2017), que muestra las\ndiversas realidades de la comuna de Torres del Paine; la propuesta Itinerancia\nArt\u00edstica Virtual, que incluye trabajos de creadores de la regi\u00f3n, y la campa\u00f1a\nde edici\u00f3n Wikipedia sobre contenidos patrimoniales de Magallanes.<\/p>\n\n\n\n<p>\u201cEste es un espacio de construcci\u00f3n de identidad\nque, producto de la conexi\u00f3n virtual en la que nos movemos hoy, podemos mostrar\ny exportar al mundo. Gracias a las instituciones se han sumado para hacer\nposible este particular D\u00eda del Patrimonio Cultural, que nos permite\ndesarrollar la imaginer\u00eda del territorio, instalando como eje central al\nEstrecho de Magallanes\u201d, sostuvo el Director Regional del Servicio del\nPatrimonio Cultural, Pablo Quercia. <\/p>\n\n\n\n<p>El d\u00eda Regional del Patrimonio fue instaurado el a\u00f1o\n2014 en respuesta al alto inter\u00e9s de los magall\u00e1nicos por conocer sobre los\nbienes culturales, expresado en las ediciones del D\u00eda del Patrimonio Cultural\nNacional. Se determin\u00f3 efectuarlo el domingo m\u00e1s cercano al D\u00eda de la Regi\u00f3n\n(21 de octubre). Este a\u00f1o, producto del plebiscito, debi\u00f3 reprogramarse para el\nsegundo\nfin de semana de noviembre y considera presencia territorial en las\ncomunas de San\nGregorio, Torres del Paine, Porvenir y Punta Arenas. <\/p>\n\n\n\n<p>La organizaci\u00f3n, dise\u00f1o y ejecuci\u00f3n de las\nactividades est\u00e1 a cargo del Museo Regional de Magallanes,\nCONAF, Instituto Ant\u00e1rtico Chileno, Empresa Nacional del Petr\u00f3leo (ENAP),\nMinisterio de Bienes Nacionales, parroquia Santuario Mar\u00eda Auxiliadora,\nBiblioteca P\u00fablica N\u00b0 16 de Torres del Paine, Direcci\u00f3n Regional Servicio del Patrimonio\nCultural, Servicio de Salud de Magallanes, Casa Azul del Arete, Wikipedia\nChile, Coordinaci\u00f3n Regional de Bibliotecas P\u00fablicas de Magallanes, Universidad\nde Magallanes y las municipalidades de Porvenir y Torres del Paine.<\/p>\n\n\n\n<p>El detalle de todas las actividades se encuentra\ndisponible en: <a href=\"http:\/\/www.facebook.com\/DiadelPatrimonioMagallanes\">www.facebook.com\/DiadelPatrimonioMagallanes<\/a><\/p>\n","protected":false},"excerpt":{"rendered":"<p>Con la mirada puesta en los 500 a\u00f1os del paso de Hernando de Magallanes por el territorio austral y a 200 a\u00f1os de las primeras expediciones polares a la Ant\u00e1rtica,&#8230; <a class=\"read-more\" href=\"https:\/\/www.radiopresidenteibanez.cl\/web\/estrecho-de-magallanes-y-200-anos-de-la-antartica-el-foco-del-dia-del-patrimonio-cultural-regional\/\">Leer m\u00e1s<\/a><\/p>\n","protected":false},"author":2,"featured_media":15677,"comment_status":"closed","ping_status":"closed","sticky":false,"template":"","format":"standard","meta":{"footnotes":""},"categories":[1],"tags":[],"class_list":["post-15676","post","type-post","status-publish","format-standard","has-post-thumbnail","hentry","category-cronica"],"_links":{"self":[{"href":"https:\/\/www.radiopresidenteibanez.cl\/web\/wp-json\/wp\/v2\/posts\/15676","targetHints":{"allow":["GET"]}}],"collection":[{"href":"https:\/\/www.radiopresidenteibanez.cl\/web\/wp-json\/wp\/v2\/posts"}],"about":[{"href":"https:\/\/www.radiopresidenteibanez.cl\/web\/wp-json\/wp\/v2\/types\/post"}],"author":[{"embeddable":true,"href":"https:\/\/www.radiopresidenteibanez.cl\/web\/wp-json\/wp\/v2\/users\/2"}],"replies":[{"embeddable":true,"href":"https:\/\/www.radiopresidenteibanez.cl\/web\/wp-json\/wp\/v2\/comments?post=15676"}],"version-history":[{"count":0,"href":"https:\/\/www.radiopresidenteibanez.cl\/web\/wp-json\/wp\/v2\/posts\/15676\/revisions"}],"wp:featuredmedia":[{"embeddable":true,"href":"https:\/\/www.radiopresidenteibanez.cl\/web\/wp-json\/wp\/v2\/media\/15677"}],"wp:attachment":[{"href":"https:\/\/www.radiopresidenteibanez.cl\/web\/wp-json\/wp\/v2\/media?parent=15676"}],"wp:term":[{"taxonomy":"category","embeddable":true,"href":"https:\/\/www.radiopresidenteibanez.cl\/web\/wp-json\/wp\/v2\/categories?post=15676"},{"taxonomy":"post_tag","embeddable":true,"href":"https:\/\/www.radiopresidenteibanez.cl\/web\/wp-json\/wp\/v2\/tags?post=15676"}],"curies":[{"name":"wp","href":"https:\/\/api.w.org\/{rel}","templated":true}]}}