{"id":15662,"date":"2020-11-04T13:15:49","date_gmt":"2020-11-04T13:15:49","guid":{"rendered":"https:\/\/www.radiopresidenteibanez.cl\/web\/?p=15662"},"modified":"2020-11-04T13:15:55","modified_gmt":"2020-11-04T13:15:55","slug":"municipalidad-realizara-sanitizacion-de-taxis-y-colectivos-en-el-parque-maria-behety","status":"publish","type":"post","link":"https:\/\/www.radiopresidenteibanez.cl\/web\/municipalidad-realizara-sanitizacion-de-taxis-y-colectivos-en-el-parque-maria-behety\/","title":{"rendered":"MUNICIPALIDAD REALIZAR\u00c1 SANITIZACI\u00d3N DE TAXIS Y COLECTIVOS EN EL PARQUE MAR\u00cdA BEHETY"},"content":{"rendered":"\n<p>Desde este mi\u00e9rcoles 4 y hasta el lunes 9 de noviembre, la Municipalidad de Punta Arenas, realizar\u00e1 jornadas de sanitizaci\u00f3n preventiva para Taxis y Colectivos de nuestra comuna en el Parque Mar\u00eda Behety entre 9:30 y 12:30 horas.&nbsp;<\/p>\n\n\n\n<p>El proceso se desarrollar\u00e1 por medio del \u00faltimo d\u00edgito de la Placa Patente, por lo cual es importante que las personas revisen la informaci\u00f3n y puedan acudir el d\u00eda que les corresponde.<\/p>\n\n\n\n<p>\u201cDesde el primer momento, como Municipalidad hemos estado trabajando en poder buscar f\u00f3rmulas que permitan que nuestros vecinos est\u00e9n m\u00e1s seguros frente al COVID. Partimos con la limpieza de las calles junto a Bomberos, las que han continuado, tambi\u00e9n con la sanitizaci\u00f3n de los espacios comunes de los edificios sociales de la comuna, la que ya va por su sexta vez, sumando a ellos el trabajo en los barrios con la toma de PCR gratuitos a los vecinos\u201d, explic\u00f3 el alcalde Claudio Radonich.<\/p>\n\n\n\n<p>\u201cAhora, desde ma\u00f1ana mi\u00e9rcoles, todos los colectivos y taxis van a tener sanitizaciones gratuitas por parte de la Municipalidad, las que estar\u00e1n divididas por patentes, repitiendo esto mismo en la segunda quincena de noviembre y en dos jornadas m\u00e1s durante diciembre\u201d, manifest\u00f3 el jefe comunal.<\/p>\n\n\n\n<p>La invitaci\u00f3n es a sumarse a esta iniciativa y verificar que d\u00edas le corresponde a cada veh\u00edculo.<\/p>\n\n\n\n<p>En ese sentido, desde el municipio informaron que el calendario es el siguiente:<\/p>\n\n\n\n<p>Mi\u00e9rcoles 4 noviembre para las Patentes cuyos \u00faltimos d\u00edgitos sean 1,2 y 3.<\/p>\n\n\n\n<p>Jueves 5 noviembre para las Patentes cuyos \u00faltimos d\u00edgitos sean 4, 5 y 6.<\/p>\n\n\n\n<p>Viernes 6 noviembre &nbsp;para las Patentes cuyos \u00faltimos d\u00edgitos sean 7, 8 y 9.<\/p>\n\n\n\n<p>Lunes 9 noviembre para las Patentes cuyo \u00faltimo d\u00edgito sea 0.<\/p>\n","protected":false},"excerpt":{"rendered":"<p>Desde este mi\u00e9rcoles 4 y hasta el lunes 9 de noviembre, la Municipalidad de Punta Arenas, realizar\u00e1 jornadas de sanitizaci\u00f3n preventiva para Taxis y Colectivos de nuestra comuna en el&#8230; <a class=\"read-more\" href=\"https:\/\/www.radiopresidenteibanez.cl\/web\/municipalidad-realizara-sanitizacion-de-taxis-y-colectivos-en-el-parque-maria-behety\/\">Leer m\u00e1s<\/a><\/p>\n","protected":false},"author":2,"featured_media":15663,"comment_status":"closed","ping_status":"closed","sticky":false,"template":"","format":"standard","meta":{"footnotes":""},"categories":[1],"tags":[],"class_list":["post-15662","post","type-post","status-publish","format-standard","has-post-thumbnail","hentry","category-cronica"],"_links":{"self":[{"href":"https:\/\/www.radiopresidenteibanez.cl\/web\/wp-json\/wp\/v2\/posts\/15662","targetHints":{"allow":["GET"]}}],"collection":[{"href":"https:\/\/www.radiopresidenteibanez.cl\/web\/wp-json\/wp\/v2\/posts"}],"about":[{"href":"https:\/\/www.radiopresidenteibanez.cl\/web\/wp-json\/wp\/v2\/types\/post"}],"author":[{"embeddable":true,"href":"https:\/\/www.radiopresidenteibanez.cl\/web\/wp-json\/wp\/v2\/users\/2"}],"replies":[{"embeddable":true,"href":"https:\/\/www.radiopresidenteibanez.cl\/web\/wp-json\/wp\/v2\/comments?post=15662"}],"version-history":[{"count":0,"href":"https:\/\/www.radiopresidenteibanez.cl\/web\/wp-json\/wp\/v2\/posts\/15662\/revisions"}],"wp:featuredmedia":[{"embeddable":true,"href":"https:\/\/www.radiopresidenteibanez.cl\/web\/wp-json\/wp\/v2\/media\/15663"}],"wp:attachment":[{"href":"https:\/\/www.radiopresidenteibanez.cl\/web\/wp-json\/wp\/v2\/media?parent=15662"}],"wp:term":[{"taxonomy":"category","embeddable":true,"href":"https:\/\/www.radiopresidenteibanez.cl\/web\/wp-json\/wp\/v2\/categories?post=15662"},{"taxonomy":"post_tag","embeddable":true,"href":"https:\/\/www.radiopresidenteibanez.cl\/web\/wp-json\/wp\/v2\/tags?post=15662"}],"curies":[{"name":"wp","href":"https:\/\/api.w.org\/{rel}","templated":true}]}}