{"id":15659,"date":"2020-11-04T13:13:26","date_gmt":"2020-11-04T13:13:26","guid":{"rendered":"https:\/\/www.radiopresidenteibanez.cl\/web\/?p=15659"},"modified":"2020-11-04T13:13:31","modified_gmt":"2020-11-04T13:13:31","slug":"procedimiento-de-detencion-por-abigeato-y-pesca-de-recurso-en-veda","status":"publish","type":"post","link":"https:\/\/www.radiopresidenteibanez.cl\/web\/procedimiento-de-detencion-por-abigeato-y-pesca-de-recurso-en-veda\/","title":{"rendered":"PROCEDIMIENTO DE DETENCI\u00d3N POR ABIGEATO Y PESCA DE RECURSO EN VEDA"},"content":{"rendered":"\n<p>Durante labores de fiscalizaci\u00f3n efectuadas en el muelle pesquero artesanal de Bah\u00eda Chilota, en la capital provincial, personal de Polic\u00eda Mar\u00edtima, dependiente de la Capitan\u00eda de Puerto de Tierra del Fuego,&nbsp;detect\u00f3 a bordo de la Lancha a Motor \u201cYarodal\u201d una pierna de vaquilla con piel m\u00e1s 11 sacos de recurso centolla hembra y centolla bajo talla seccionada.<\/p>\n\n\n\n<p>En el procedimiento se actu\u00f3 en conjunto con en el Servicio Agr\u00edcola y Ganadero,&nbsp;Servicio Nacional de Pesca y Servicio de Salud, cuyo personal certific\u00f3 que los recursos incautados correspond\u00edan a un origen il\u00edcito y que no estaban en condici\u00f3n para consumo humano, por lo que posteriormente se procedi\u00f3 a su entrega y destrucci\u00f3n.<\/p>\n\n\n\n<p>Cumpliendo con los protocolos establecidos se realiz\u00f3 la detenci\u00f3n del patr\u00f3n de la embarcaci\u00f3n de acuerdo a instrucciones del Fiscal de Turno, imput\u00e1ndosele los delitos de infracci\u00f3n a la Ley de Mataderos Clandestinos N\u00b0 11.564 por abigeato&nbsp;y Ley General de Pesca y Acuicultura N\u00b0 18.992 por extracci\u00f3n de recursos en veda.&nbsp; La&nbsp;audiencia de formalizaci\u00f3n&nbsp; se desarroll\u00f3 en dependencias de la Capitan\u00eda de Puerto a&nbsp;trav\u00e9s de la plataforma zoom, aplic\u00e1ndose la medida cautelar de arraigo regional.<\/p>\n\n\n\n<p>El Capit\u00e1n de Puerto de Tierra del Fuego, Teniente 1\u00b0 Francisco Ortiz, se\u00f1al\u00f3 que \u201cqueda de manifiesto la importancia del apoyo interagencial para permitir la ejecuci\u00f3n de un procedimiento r\u00e1pido y eficiente, determinando las pruebas con las que el Ministerio P\u00fablico logr\u00f3 acreditar los delitos\u201d.<\/p>\n","protected":false},"excerpt":{"rendered":"<p>Durante labores de fiscalizaci\u00f3n efectuadas en el muelle pesquero artesanal de Bah\u00eda Chilota, en la capital provincial, personal de Polic\u00eda Mar\u00edtima, dependiente de la Capitan\u00eda de Puerto de Tierra del&#8230; <a class=\"read-more\" href=\"https:\/\/www.radiopresidenteibanez.cl\/web\/procedimiento-de-detencion-por-abigeato-y-pesca-de-recurso-en-veda\/\">Leer m\u00e1s<\/a><\/p>\n","protected":false},"author":2,"featured_media":15660,"comment_status":"closed","ping_status":"closed","sticky":false,"template":"","format":"standard","meta":{"footnotes":""},"categories":[1],"tags":[],"class_list":["post-15659","post","type-post","status-publish","format-standard","has-post-thumbnail","hentry","category-cronica"],"_links":{"self":[{"href":"https:\/\/www.radiopresidenteibanez.cl\/web\/wp-json\/wp\/v2\/posts\/15659","targetHints":{"allow":["GET"]}}],"collection":[{"href":"https:\/\/www.radiopresidenteibanez.cl\/web\/wp-json\/wp\/v2\/posts"}],"about":[{"href":"https:\/\/www.radiopresidenteibanez.cl\/web\/wp-json\/wp\/v2\/types\/post"}],"author":[{"embeddable":true,"href":"https:\/\/www.radiopresidenteibanez.cl\/web\/wp-json\/wp\/v2\/users\/2"}],"replies":[{"embeddable":true,"href":"https:\/\/www.radiopresidenteibanez.cl\/web\/wp-json\/wp\/v2\/comments?post=15659"}],"version-history":[{"count":0,"href":"https:\/\/www.radiopresidenteibanez.cl\/web\/wp-json\/wp\/v2\/posts\/15659\/revisions"}],"wp:featuredmedia":[{"embeddable":true,"href":"https:\/\/www.radiopresidenteibanez.cl\/web\/wp-json\/wp\/v2\/media\/15660"}],"wp:attachment":[{"href":"https:\/\/www.radiopresidenteibanez.cl\/web\/wp-json\/wp\/v2\/media?parent=15659"}],"wp:term":[{"taxonomy":"category","embeddable":true,"href":"https:\/\/www.radiopresidenteibanez.cl\/web\/wp-json\/wp\/v2\/categories?post=15659"},{"taxonomy":"post_tag","embeddable":true,"href":"https:\/\/www.radiopresidenteibanez.cl\/web\/wp-json\/wp\/v2\/tags?post=15659"}],"curies":[{"name":"wp","href":"https:\/\/api.w.org\/{rel}","templated":true}]}}