{"id":15651,"date":"2020-11-04T13:00:23","date_gmt":"2020-11-04T13:00:23","guid":{"rendered":"https:\/\/www.radiopresidenteibanez.cl\/web\/?p=15651"},"modified":"2020-11-04T13:00:29","modified_gmt":"2020-11-04T13:00:29","slug":"seremi-de-desarrollo-social-y-familia-entrego-mil-kits-ludicos-para-la-red-del-sename","status":"publish","type":"post","link":"https:\/\/www.radiopresidenteibanez.cl\/web\/seremi-de-desarrollo-social-y-familia-entrego-mil-kits-ludicos-para-la-red-del-sename\/","title":{"rendered":"SEREMI DE DESARROLLO SOCIAL Y FAMILIA ENTREG\u00d3 MIL KITS L\u00daDICOS PARA LA RED DEL SENAME"},"content":{"rendered":"\n<p>Un total de mil kits l\u00fadicos fueron distribuidos esta tarde por el Subsistema Chile Crece Contigo, dependiente del Ministerio de Desarrollo Social y Familia, al Servicio Nacional de Menores (Sename) de Magallanes, con el objetivo de entreg\u00e1rselos a los ni\u00f1os y ni\u00f1as que son parte de los centros residenciales de protecci\u00f3n a cargo de la instituci\u00f3n y en las residencias sanitarias.<\/p>\n\n\n\n<p>La actividad fue presidida por la Intendenta de Magallanes y de la Ant\u00e1rtica Chilena, Jennifer Rojas y cont\u00f3 con la participaci\u00f3n de los Seremis de Desarrollo Social y Familia, Liz Casanueva; de Justicia y Derechos Humanos, Fabi\u00e1n Mella; de Gobierno, Alejandra Mu\u00f1oz,&nbsp;&nbsp;junto al Coordinador Regional del Sename, Mario Miranda.<\/p>\n\n\n\n<p>Estos kits fueron creados con el objetivo de mitigar los efectos de la pandemia en ni\u00f1os y ni\u00f1as que viven el confinamiento, y contienen materiales de estimulaci\u00f3n que favorecen la generaci\u00f3n de actividades de juego y recreativas. Dentro de los elementos destacan t\u00edteres de dedos, l\u00e1pices de colores, cuentos, l\u00e1minas de stickers, entre otros.<\/p>\n\n\n\n<p>Para la Intendenta Regional, \u201cdurante la semana pasada se aprob\u00f3 uno de los proyectos impulsados por nuestro Presidente Sebasti\u00e1n Pi\u00f1era que crea un nuevo Servicio Nacional de Protecci\u00f3n Especializada a la Ni\u00f1ez y Adolescencia, el que, junto con el Servicio Nacional de Reinserci\u00f3n Social Juvenil, busca reemplazar al actual Sename. A trav\u00e9s de estos importantes cambios y de la entrega de este material did\u00e1ctico que hoy recibimos del Ministerio de Desarrollo Social y Familia, reforzamos nuestro compromiso en la regi\u00f3n por la dignidad y calidad de vida de todos los ni\u00f1os\u201d.<\/p>\n\n\n\n<p>A su vez, la Seremi de Desarrollo Social y Familia, Liz Casanueva afirm\u00f3 que \u201cpara nuestro Gobierno las ni\u00f1as y ni\u00f1os han sido uno los grupos m\u00e1s perjudicados por la pandemia, debido a que la suspensi\u00f3n de clases presenciales ha tra\u00eddo como consecuencia la p\u00e9rdida de contacto con sus pares, y con ello, el juego. Agradecemos la iniciativa de Chile Crece Contigo, organismo que durante estos meses se ha dedicado a fortalecer las competencias y habilidades de los padres, madres y cuidadores para potenciar las condiciones de desarrollo y aprendizaje integral de los m\u00e1s peque\u00f1os\u201d.<\/p>\n\n\n\n<p>El Coordinador Regional del Sename, Mario Miranda, aprovech\u00f3 la instancia de agradecer a la Intendenta y a la Seremi de Desarrollo Social por entregar un impulso prioritario a las tem\u00e1ticas de infancia y que hoy benefician a 3 residencias de nuestra regi\u00f3n, argumentando que \u201cel trabajo con el Ministerio de Desarrollo Social y Familia ha sido permanente, no s\u00f3lo en el contexto de esta contingencia. Adem\u00e1s de reforzar las medidas sanitarias, hemos buscado garantizar el derecho a la recreaci\u00f3n y el juego que son parte fundamental en el desarrollo de los ni\u00f1os y ni\u00f1as, por ello estos elementos ponen en valor una problem\u00e1tica silenciosa que provoca el confinamiento, como la salud mental\u201d.<\/p>\n\n\n\n<p>La distribuci\u00f3n del material se realiz\u00f3 en base los ni\u00f1os que pertenecen al Subsistema Chile Seguridad y Oportunidades del Ministerio de Desarrollo Social y Familia, tambi\u00e9n a quienes presentaron una mayor vulnerabilidad psicosocial, asociado a criterios como aislamiento geogr\u00e1fico, y a los usuarios de las salas de estimulaci\u00f3n temprana.<\/p>\n\n\n\n<p>Chile Crece Contigo brinda a los ni\u00f1os y ni\u00f1as un acceso expedito a los servicios y prestaciones que atienden sus necesidades y desarrollo en cada etapa de su crecimiento. Adicionalmente, apoya a las familias para que existan las condiciones adecuadas frente a las necesidades particulares de cada ni\u00f1o y ni\u00f1a en Chile.<\/p>\n","protected":false},"excerpt":{"rendered":"<p>Un total de mil kits l\u00fadicos fueron distribuidos esta tarde por el Subsistema Chile Crece Contigo, dependiente del Ministerio de Desarrollo Social y Familia, al Servicio Nacional de Menores (Sename)&#8230; <a class=\"read-more\" href=\"https:\/\/www.radiopresidenteibanez.cl\/web\/seremi-de-desarrollo-social-y-familia-entrego-mil-kits-ludicos-para-la-red-del-sename\/\">Leer m\u00e1s<\/a><\/p>\n","protected":false},"author":2,"featured_media":15652,"comment_status":"closed","ping_status":"open","sticky":false,"template":"","format":"standard","meta":{"footnotes":""},"categories":[1],"tags":[],"class_list":["post-15651","post","type-post","status-publish","format-standard","has-post-thumbnail","hentry","category-cronica"],"_links":{"self":[{"href":"https:\/\/www.radiopresidenteibanez.cl\/web\/wp-json\/wp\/v2\/posts\/15651","targetHints":{"allow":["GET"]}}],"collection":[{"href":"https:\/\/www.radiopresidenteibanez.cl\/web\/wp-json\/wp\/v2\/posts"}],"about":[{"href":"https:\/\/www.radiopresidenteibanez.cl\/web\/wp-json\/wp\/v2\/types\/post"}],"author":[{"embeddable":true,"href":"https:\/\/www.radiopresidenteibanez.cl\/web\/wp-json\/wp\/v2\/users\/2"}],"replies":[{"embeddable":true,"href":"https:\/\/www.radiopresidenteibanez.cl\/web\/wp-json\/wp\/v2\/comments?post=15651"}],"version-history":[{"count":0,"href":"https:\/\/www.radiopresidenteibanez.cl\/web\/wp-json\/wp\/v2\/posts\/15651\/revisions"}],"wp:featuredmedia":[{"embeddable":true,"href":"https:\/\/www.radiopresidenteibanez.cl\/web\/wp-json\/wp\/v2\/media\/15652"}],"wp:attachment":[{"href":"https:\/\/www.radiopresidenteibanez.cl\/web\/wp-json\/wp\/v2\/media?parent=15651"}],"wp:term":[{"taxonomy":"category","embeddable":true,"href":"https:\/\/www.radiopresidenteibanez.cl\/web\/wp-json\/wp\/v2\/categories?post=15651"},{"taxonomy":"post_tag","embeddable":true,"href":"https:\/\/www.radiopresidenteibanez.cl\/web\/wp-json\/wp\/v2\/tags?post=15651"}],"curies":[{"name":"wp","href":"https:\/\/api.w.org\/{rel}","templated":true}]}}