{"id":15648,"date":"2020-11-04T12:57:36","date_gmt":"2020-11-04T12:57:36","guid":{"rendered":"https:\/\/www.radiopresidenteibanez.cl\/web\/?p=15648"},"modified":"2020-11-04T12:57:42","modified_gmt":"2020-11-04T12:57:42","slug":"mineduc-y-enap-magallanes-certifican-a-66-estudiantes-y-docentes-en-seguridad","status":"publish","type":"post","link":"https:\/\/www.radiopresidenteibanez.cl\/web\/mineduc-y-enap-magallanes-certifican-a-66-estudiantes-y-docentes-en-seguridad\/","title":{"rendered":"MINEDUC Y ENAP MAGALLANES CERTIFICAN A 66 ESTUDIANTES Y DOCENTES EN SEGURIDAD"},"content":{"rendered":"\n<p>Desde junio a la fecha, ENAP Magallanes ha realizado tres talleres para estudiantes de liceos de Educaci\u00f3n Media T\u00e9cnico Profesional de la regi\u00f3n, que&nbsp;<a>buscan promover una cultura de la seguridad y entregar distintas herramientas&nbsp;para la&nbsp;prevenci\u00f3n de riesgos&nbsp;en el trabajo y el hogar.<\/a><\/p>\n\n\n\n<p>En total, 61 estudiantes y 5 docentes de las especialidades de Mec\u00e1nica Automotriz, Electricidad, Electr\u00f3nica y Construcciones Met\u00e1licas han participado en el Programa SafeStart, que la estatal&nbsp;imparte&nbsp;de manera&nbsp;online, junto al apoyo de la Red Futuro T\u00e9cnico Magallanes, que impulsa la Secretar\u00eda Regional Ministerial de Educaci\u00f3n y&nbsp;la&nbsp;ONG Canales.<\/p>\n\n\n\n<p>La iniciativa busca aportar conocimientos t\u00e9cnicos a estudiantes y docentes de los liceos Industrial Armando Quezada Acharan, Instituto Don Bosco y Liceo Bicentenario Polit\u00e9cnico Luis Cruz Mart\u00ednez, a trav\u00e9s de un innovador programa enfocado a generar conciencia respecto de los riesgos que existen en ambientes laborales y cotidianos.<\/p>\n\n\n\n<p>Para&nbsp;<strong>Alfonso Pacheco, jefe de Comunidades y de RSE ENAP Magallanes<\/strong>, esta instancia busca generar oportunidades laborales para las y los futuros t\u00e9cnicos. \u201cENAP desde siempre ha estado vinculada con la formaci\u00f3n de estudiantes de ense\u00f1anza media y universitaria. En temas de seguridad, ya son 6 a\u00f1os llevando este taller a la comunidad y en especial a j\u00f3venes. De esta manera, contribuimos a crear una cultura de la seguridad que nos permita contar con t\u00e9cnicos y profesionales que velen por la prevenci\u00f3n de accidentes y el autocuidado. Contar con esta formaci\u00f3n es altamente valorado en el mundo laboral\u201d, agreg\u00f3 el representante de ENAP.<\/p>\n\n\n\n<p>Por su parte,&nbsp;<strong>Rodrigo Sep\u00falveda, seremi de Educaci\u00f3n de Magallanes<\/strong>, valor\u00f3 el compromiso de la empresa con la formaci\u00f3n t\u00e9cnica de los j\u00f3venes de la regi\u00f3n. \u201cEl Ministerio de Educaci\u00f3n ha trabajado permanentemente en desarrollar capacitaciones asociadas a la seguridad laboral de los estudiantes t\u00e9cnico-profesionales. Sin embargo, dada la gran cantidad de establecimientos educacionales TP del pa\u00eds, se ha hecho necesario aumentar la capacitaci\u00f3n de un oficio en que el riesgo escolar tradicional se ha extendido al uso de herramientas y m\u00e1quinas. Los niveles de seguridad de los establecimientos TP ser\u00e1n cada d\u00eda m\u00e1s completos en la medida que docentes, estudiantes y personal administrativo participen activamente en la gesti\u00f3n de prevenci\u00f3n de riesgos, f\u00f3rmula importante para evitar el alto costo social y econ\u00f3mico que traen consigo los accidentes. Por ello valoramos el trabajo desarrollado con ENAP y el apoyo de ONG Canales a trav\u00e9s de Red Futuro T\u00e9cnico Magallanes\u201d, explic\u00f3 la autoridad.<\/p>\n\n\n\n<p>Para&nbsp;<strong>Daniela Torres, jefa de la Red Futuro T\u00e9cnico Magallanes<\/strong>, este proyecto es un ejemplo de articulaci\u00f3n entre el sector privado y p\u00fablico para potenciar la educaci\u00f3n t\u00e9cnico profesional. \u201cPermite entregar herramientas concretas a los estudiantes sobre un tema espec\u00edfico, lo que sin duda les dar\u00e1 mejores oportunidades laborales cuando finalicen su formaci\u00f3n de ense\u00f1anza media. Agradecemos el compromiso de la empresa y de la Secretar\u00eda Regional Ministerial de Educaci\u00f3n por generar espacios de aprendizajes efectivos y pertinentes para las y los j\u00f3venes de la regi\u00f3n\u201d, coment\u00f3 la profesional.<\/p>\n","protected":false},"excerpt":{"rendered":"<p>Desde junio a la fecha, ENAP Magallanes ha realizado tres talleres para estudiantes de liceos de Educaci\u00f3n Media T\u00e9cnico Profesional de la regi\u00f3n, que&nbsp;buscan promover una cultura de la seguridad&#8230; <a class=\"read-more\" href=\"https:\/\/www.radiopresidenteibanez.cl\/web\/mineduc-y-enap-magallanes-certifican-a-66-estudiantes-y-docentes-en-seguridad\/\">Leer m\u00e1s<\/a><\/p>\n","protected":false},"author":2,"featured_media":15649,"comment_status":"closed","ping_status":"closed","sticky":false,"template":"","format":"standard","meta":{"footnotes":""},"categories":[1],"tags":[],"class_list":["post-15648","post","type-post","status-publish","format-standard","has-post-thumbnail","hentry","category-cronica"],"_links":{"self":[{"href":"https:\/\/www.radiopresidenteibanez.cl\/web\/wp-json\/wp\/v2\/posts\/15648","targetHints":{"allow":["GET"]}}],"collection":[{"href":"https:\/\/www.radiopresidenteibanez.cl\/web\/wp-json\/wp\/v2\/posts"}],"about":[{"href":"https:\/\/www.radiopresidenteibanez.cl\/web\/wp-json\/wp\/v2\/types\/post"}],"author":[{"embeddable":true,"href":"https:\/\/www.radiopresidenteibanez.cl\/web\/wp-json\/wp\/v2\/users\/2"}],"replies":[{"embeddable":true,"href":"https:\/\/www.radiopresidenteibanez.cl\/web\/wp-json\/wp\/v2\/comments?post=15648"}],"version-history":[{"count":0,"href":"https:\/\/www.radiopresidenteibanez.cl\/web\/wp-json\/wp\/v2\/posts\/15648\/revisions"}],"wp:featuredmedia":[{"embeddable":true,"href":"https:\/\/www.radiopresidenteibanez.cl\/web\/wp-json\/wp\/v2\/media\/15649"}],"wp:attachment":[{"href":"https:\/\/www.radiopresidenteibanez.cl\/web\/wp-json\/wp\/v2\/media?parent=15648"}],"wp:term":[{"taxonomy":"category","embeddable":true,"href":"https:\/\/www.radiopresidenteibanez.cl\/web\/wp-json\/wp\/v2\/categories?post=15648"},{"taxonomy":"post_tag","embeddable":true,"href":"https:\/\/www.radiopresidenteibanez.cl\/web\/wp-json\/wp\/v2\/tags?post=15648"}],"curies":[{"name":"wp","href":"https:\/\/api.w.org\/{rel}","templated":true}]}}