{"id":15645,"date":"2020-11-04T12:55:17","date_gmt":"2020-11-04T12:55:17","guid":{"rendered":"https:\/\/www.radiopresidenteibanez.cl\/web\/?p=15645"},"modified":"2020-11-04T12:55:23","modified_gmt":"2020-11-04T12:55:23","slug":"con-un-llamado-a-realizar-acciones-tendientes-a-sensibilizar-y-prevenir-seremi-de-la-mujer-de-magallanes-dio-inicio-a-las-actividades-de-conmemoracion-del-mes-de-la-no-violencia-contra-la-mujer","status":"publish","type":"post","link":"https:\/\/www.radiopresidenteibanez.cl\/web\/con-un-llamado-a-realizar-acciones-tendientes-a-sensibilizar-y-prevenir-seremi-de-la-mujer-de-magallanes-dio-inicio-a-las-actividades-de-conmemoracion-del-mes-de-la-no-violencia-contra-la-mujer\/","title":{"rendered":"CON UN LLAMADO A REALIZAR ACCIONES TENDIENTES A SENSIBILIZAR Y PREVENIR SEREMI DE LA MUJER DE MAGALLANES DIO INICIO A LAS ACTIVIDADES DE CONMEMORACI\u00d3N DEL MES DE LA NO VIOLENCIA CONTRA LA MUJER"},"content":{"rendered":"\n<p>Frente\nal Centro de la Mujer de Punta Arenas y con la presencia de la Intendenta\nRegional Jennifer Rojas Garc\u00eda y el Alcalde de la Comuna de Punta Arenas\nClaudio Radonich Jim\u00e9nez, la Seremi de la Mujer y la Equidad de G\u00e9nero de\nMagallanes Daisy Carrera Ocaranza dio por iniciadas las actividades de\nconmemoraci\u00f3n del D\u00eda Internacional de la no violencia contra la Mujer.<\/p>\n\n\n\n<p>La\nactividad central se realizar\u00e1 el d\u00eda 25 de noviembre a las 19 horas con un\nconversatorio denominado \u201cViolencia contra la Mujer, podemos cambiar esta\nrealidad\u201d para p\u00fablico en general, en conjunto con el Ministerio de Ciencias,\nTecnolog\u00eda, Conocimiento e Innovaci\u00f3n y el Programa Explora con su l\u00ednea de\ntrabajo Ciencia Abierta.&nbsp; Esta actividad\nser\u00e1 transmitida por Facebook Live y Youtube, y posteriormente por TV Red.<\/p>\n\n\n\n<p>Daisy\nCarrera agreg\u00f3 que el 25 de noviembre fue instaurado en 1999 como el D\u00eda\nInternacional de la No Violencia Contra las Mujeres invitando a gobiernos,\norganizaciones internacionales y no gubernamentales a realizar actividades a\nsensibilizar a la opini\u00f3n p\u00fablica sobre este grave problema que afecta a gran\nporcentaje de la poblaci\u00f3n femenina.&nbsp; La ONU establece que\nla violencia contra las mujeres es todo acto de violencia de g\u00e9nero que pueda\ntener como resultado da\u00f1o f\u00edsico, sexual o psicol\u00f3gico a una mujer. Incluso las\n<strong>amenazas<\/strong> de cometer esos actos, la coacci\u00f3n o la privaci\u00f3n arbitraria de\nlibertad, tanto si se producen en la vida p\u00fablica como en la privada.<\/p>\n\n\n\n<p>Esta\nfecha se conmemora para denunciar la violencia que se ejerce sobre las mujeres\nal ser discriminadas por su g\u00e9nero y fue el movimiento feminista en la d\u00e9cada\nde los 80s el que impuls\u00f3 el establecimiento de este d\u00eda para homenajear a las\nhermanas Patria, Minerva y Mar\u00eda Teresa Mirabal asesinadas en 1960 en Rep\u00fablica\nDominicana.<\/p>\n\n\n\n<p>El\nMinisterio de la Mujer y la Equidad de G\u00e9nero desarrolla variados programas\npara la atenci\u00f3n de mujeres v\u00edctimas de violencia con equipo multidisciplinario con dedicaci\u00f3n exclusiva que brinda atenci\u00f3n psico-socio-jur\u00eddica a la\natenci\u00f3n de mujeres que viven violencia.&nbsp;\nDel mismo modo desarrolla programas que contribuyen a las autonom\u00edas\nf\u00edsica, econ\u00f3mica y sexual para contribuir a sacarlas del c\u00edrculo de la\nviolencia que la mayor\u00eda de las veces dice relaci\u00f3n con estas dependencias.<\/p>\n","protected":false},"excerpt":{"rendered":"<p>Frente al Centro de la Mujer de Punta Arenas y con la presencia de la Intendenta Regional Jennifer Rojas Garc\u00eda y el Alcalde de la Comuna de Punta Arenas Claudio&#8230; <a class=\"read-more\" href=\"https:\/\/www.radiopresidenteibanez.cl\/web\/con-un-llamado-a-realizar-acciones-tendientes-a-sensibilizar-y-prevenir-seremi-de-la-mujer-de-magallanes-dio-inicio-a-las-actividades-de-conmemoracion-del-mes-de-la-no-violencia-contra-la-mujer\/\">Leer m\u00e1s<\/a><\/p>\n","protected":false},"author":2,"featured_media":15646,"comment_status":"closed","ping_status":"closed","sticky":false,"template":"","format":"standard","meta":{"footnotes":""},"categories":[1],"tags":[],"class_list":["post-15645","post","type-post","status-publish","format-standard","has-post-thumbnail","hentry","category-cronica"],"_links":{"self":[{"href":"https:\/\/www.radiopresidenteibanez.cl\/web\/wp-json\/wp\/v2\/posts\/15645","targetHints":{"allow":["GET"]}}],"collection":[{"href":"https:\/\/www.radiopresidenteibanez.cl\/web\/wp-json\/wp\/v2\/posts"}],"about":[{"href":"https:\/\/www.radiopresidenteibanez.cl\/web\/wp-json\/wp\/v2\/types\/post"}],"author":[{"embeddable":true,"href":"https:\/\/www.radiopresidenteibanez.cl\/web\/wp-json\/wp\/v2\/users\/2"}],"replies":[{"embeddable":true,"href":"https:\/\/www.radiopresidenteibanez.cl\/web\/wp-json\/wp\/v2\/comments?post=15645"}],"version-history":[{"count":0,"href":"https:\/\/www.radiopresidenteibanez.cl\/web\/wp-json\/wp\/v2\/posts\/15645\/revisions"}],"wp:featuredmedia":[{"embeddable":true,"href":"https:\/\/www.radiopresidenteibanez.cl\/web\/wp-json\/wp\/v2\/media\/15646"}],"wp:attachment":[{"href":"https:\/\/www.radiopresidenteibanez.cl\/web\/wp-json\/wp\/v2\/media?parent=15645"}],"wp:term":[{"taxonomy":"category","embeddable":true,"href":"https:\/\/www.radiopresidenteibanez.cl\/web\/wp-json\/wp\/v2\/categories?post=15645"},{"taxonomy":"post_tag","embeddable":true,"href":"https:\/\/www.radiopresidenteibanez.cl\/web\/wp-json\/wp\/v2\/tags?post=15645"}],"curies":[{"name":"wp","href":"https:\/\/api.w.org\/{rel}","templated":true}]}}