{"id":15639,"date":"2020-11-03T17:34:18","date_gmt":"2020-11-03T17:34:18","guid":{"rendered":"https:\/\/www.radiopresidenteibanez.cl\/web\/?p=15639"},"modified":"2020-11-03T17:34:23","modified_gmt":"2020-11-03T17:34:23","slug":"arturo-zuniga-renuncio-a-la-subsecretaria-de-redes-asistenciales","status":"publish","type":"post","link":"https:\/\/www.radiopresidenteibanez.cl\/web\/arturo-zuniga-renuncio-a-la-subsecretaria-de-redes-asistenciales\/","title":{"rendered":"ARTURO Z\u00da\u00d1IGA RENUNCI\u00d3 A LA SUBSECRETARIA DE REDES ASISTENCIALES"},"content":{"rendered":"\n<p>Finalmente, y&nbsp;<strong>tras fuertes rumores, Arturo Z\u00fa\u00f1iga present\u00f3 este martes su renuncia al frente de la Subsecretar\u00eda de Redes Asistenciales<\/strong>, posiblemente para postular a un cargo de elecci\u00f3n popular en las elecciones de 2021.<\/p>\n\n\n\n<p>Seg\u00fan se confirm\u00f3, la ahora ex autoridad sanitaria, dejar\u00e1 el cargo este mismo martes luego que se oficialice a su reemplazo.<\/p>\n\n\n\n<p><\/p>\n\n\n\n<p>Fuente: ADNRadio<\/p>\n","protected":false},"excerpt":{"rendered":"<p>Finalmente, y&nbsp;tras fuertes rumores, Arturo Z\u00fa\u00f1iga present\u00f3 este martes su renuncia al frente de la Subsecretar\u00eda de Redes Asistenciales, posiblemente para postular a un cargo de elecci\u00f3n popular en las&#8230; <a class=\"read-more\" href=\"https:\/\/www.radiopresidenteibanez.cl\/web\/arturo-zuniga-renuncio-a-la-subsecretaria-de-redes-asistenciales\/\">Leer m\u00e1s<\/a><\/p>\n","protected":false},"author":2,"featured_media":15640,"comment_status":"closed","ping_status":"closed","sticky":false,"template":"","format":"standard","meta":{"footnotes":""},"categories":[1],"tags":[],"class_list":["post-15639","post","type-post","status-publish","format-standard","has-post-thumbnail","hentry","category-cronica"],"_links":{"self":[{"href":"https:\/\/www.radiopresidenteibanez.cl\/web\/wp-json\/wp\/v2\/posts\/15639","targetHints":{"allow":["GET"]}}],"collection":[{"href":"https:\/\/www.radiopresidenteibanez.cl\/web\/wp-json\/wp\/v2\/posts"}],"about":[{"href":"https:\/\/www.radiopresidenteibanez.cl\/web\/wp-json\/wp\/v2\/types\/post"}],"author":[{"embeddable":true,"href":"https:\/\/www.radiopresidenteibanez.cl\/web\/wp-json\/wp\/v2\/users\/2"}],"replies":[{"embeddable":true,"href":"https:\/\/www.radiopresidenteibanez.cl\/web\/wp-json\/wp\/v2\/comments?post=15639"}],"version-history":[{"count":0,"href":"https:\/\/www.radiopresidenteibanez.cl\/web\/wp-json\/wp\/v2\/posts\/15639\/revisions"}],"wp:featuredmedia":[{"embeddable":true,"href":"https:\/\/www.radiopresidenteibanez.cl\/web\/wp-json\/wp\/v2\/media\/15640"}],"wp:attachment":[{"href":"https:\/\/www.radiopresidenteibanez.cl\/web\/wp-json\/wp\/v2\/media?parent=15639"}],"wp:term":[{"taxonomy":"category","embeddable":true,"href":"https:\/\/www.radiopresidenteibanez.cl\/web\/wp-json\/wp\/v2\/categories?post=15639"},{"taxonomy":"post_tag","embeddable":true,"href":"https:\/\/www.radiopresidenteibanez.cl\/web\/wp-json\/wp\/v2\/tags?post=15639"}],"curies":[{"name":"wp","href":"https:\/\/api.w.org\/{rel}","templated":true}]}}