{"id":15635,"date":"2020-11-03T16:17:23","date_gmt":"2020-11-03T16:17:23","guid":{"rendered":"https:\/\/www.radiopresidenteibanez.cl\/web\/?p=15635"},"modified":"2020-11-03T16:17:29","modified_gmt":"2020-11-03T16:17:29","slug":"alcalde-de-puerto-natales-se-reunira-con-subsecretario-de-salud-para-analizar-situacion-de-la-comuna-debido-al-covid-19","status":"publish","type":"post","link":"https:\/\/www.radiopresidenteibanez.cl\/web\/alcalde-de-puerto-natales-se-reunira-con-subsecretario-de-salud-para-analizar-situacion-de-la-comuna-debido-al-covid-19\/","title":{"rendered":"ALCALDE DE PUERTO NATALES SE REUNIR\u00c1 CON SUBSECRETARIO DE SALUD PARA ANALIZAR SITUACI\u00d3N DE LA COMUNA DEBIDO AL COVID-19"},"content":{"rendered":"\n<p>Una fuerte\npreocupaci\u00f3n existe en la comunidad natalina debido a las continuas alzas de\ncontagios surgidas en Puerto Natales durante 9 semanas de confinamiento. Debido\na esta situaci\u00f3n, diversas voces de agrupaciones del rubro del turismo han\nmanifestado su preocupaci\u00f3n sobre esta situaci\u00f3n sanitaria que afecta a la\ncapital del turismo, lo que ha generado un fuerte impacto en la econom\u00eda y en\nla ocupaci\u00f3n laboral. Sobre esta situaci\u00f3n, el alcalde de la comuna, solicit\u00f3\nde manera urgente una reuni\u00f3n de trabajo con el subsecretario de Redes\nAsistenciales, Arturo Z\u00fa\u00f1iga.<\/p>\n\n\n\n<p>Es as\u00ed que la\nm\u00e1xima autoridad municipal, Fernando Paredes Mansilla, record\u00f3 que una de las\nactividades m\u00e1s importantes en la regi\u00f3n de Magallanes es el turismo, y se\u00f1al\u00f3\nque \u201csi la visi\u00f3n del gobierno es reactivar la econom\u00eda en todos los\nterritorios, situaci\u00f3n que no est\u00e1 ocurriendo en Magallanes, tiene que haber\nuna mirada distinta, tiene que haber un an\u00e1lisis distinto, siempre asegurando\nla salud de los habitantes\u201d.<\/p>\n\n\n\n<p>Adem\u00e1s,\nsubray\u00f3 que la cuarentena prolongada no ha tenido el impacto esperado, \u201ceso\nest\u00e1 generando un da\u00f1o a la comunidad, est\u00e1 generando un da\u00f1o a la generaci\u00f3n\nde empleos y a la actividad productiva, principalmente al turismo que debido a\nsu importancia necesita recibir se\u00f1ales, puesto que ha sido el rubro m\u00e1s\ngolpeado en la regi\u00f3n de Magallanes y es donde el gobierno m\u00e1s le ha costado\nllegar con un apoyo concreto\u201d.<\/p>\n\n\n\n<p>El edil\nreforz\u00f3 el llamado a las autoridades nacionales, en su calidad de Presidente de\nla Asociaci\u00f3n Chilena de Municipalidades para que permitan una mayor capacidad\nde decisi\u00f3n a los gobiernos locales de cada zona del pa\u00eds, ya que muchas de las\ncomunas en la actualidad tienen diversas realidades debido a la pandemia.<\/p>\n\n\n\n<p>Cabe se\u00f1alar\nque el ministerio de Salud anunci\u00f3 ayer lunes que el toque de queda a nivel\nnacional se acorto, quedando desde las 00:00 hasta las 05:00 horas. No as\u00ed en\nla regi\u00f3n de Magallanes, donde las tres comunas que se encuentran en cuarentena\ncontinuar\u00e1n con el horario diferenciado de toque de queda, vale decir desde las\n20:00 hasta las 05:00 horas.<\/p>\n\n\n\n<p>Ma\u00f1ana\nmi\u00e9rcoles 4 de noviembre, el subsecretario de Redes Asistenciales, Arturo\nZ\u00fa\u00f1iga, recibir\u00e1 al alcalde de la comuna de Natales para establecer una reuni\u00f3n\ny analizar la situaci\u00f3n que afecta a la comuna.<\/p>\n","protected":false},"excerpt":{"rendered":"<p>Una fuerte preocupaci\u00f3n existe en la comunidad natalina debido a las continuas alzas de contagios surgidas en Puerto Natales durante 9 semanas de confinamiento. Debido a esta situaci\u00f3n, diversas voces&#8230; <a class=\"read-more\" href=\"https:\/\/www.radiopresidenteibanez.cl\/web\/alcalde-de-puerto-natales-se-reunira-con-subsecretario-de-salud-para-analizar-situacion-de-la-comuna-debido-al-covid-19\/\">Leer m\u00e1s<\/a><\/p>\n","protected":false},"author":2,"featured_media":15636,"comment_status":"closed","ping_status":"closed","sticky":false,"template":"","format":"standard","meta":{"footnotes":""},"categories":[1],"tags":[],"class_list":["post-15635","post","type-post","status-publish","format-standard","has-post-thumbnail","hentry","category-cronica"],"_links":{"self":[{"href":"https:\/\/www.radiopresidenteibanez.cl\/web\/wp-json\/wp\/v2\/posts\/15635","targetHints":{"allow":["GET"]}}],"collection":[{"href":"https:\/\/www.radiopresidenteibanez.cl\/web\/wp-json\/wp\/v2\/posts"}],"about":[{"href":"https:\/\/www.radiopresidenteibanez.cl\/web\/wp-json\/wp\/v2\/types\/post"}],"author":[{"embeddable":true,"href":"https:\/\/www.radiopresidenteibanez.cl\/web\/wp-json\/wp\/v2\/users\/2"}],"replies":[{"embeddable":true,"href":"https:\/\/www.radiopresidenteibanez.cl\/web\/wp-json\/wp\/v2\/comments?post=15635"}],"version-history":[{"count":0,"href":"https:\/\/www.radiopresidenteibanez.cl\/web\/wp-json\/wp\/v2\/posts\/15635\/revisions"}],"wp:featuredmedia":[{"embeddable":true,"href":"https:\/\/www.radiopresidenteibanez.cl\/web\/wp-json\/wp\/v2\/media\/15636"}],"wp:attachment":[{"href":"https:\/\/www.radiopresidenteibanez.cl\/web\/wp-json\/wp\/v2\/media?parent=15635"}],"wp:term":[{"taxonomy":"category","embeddable":true,"href":"https:\/\/www.radiopresidenteibanez.cl\/web\/wp-json\/wp\/v2\/categories?post=15635"},{"taxonomy":"post_tag","embeddable":true,"href":"https:\/\/www.radiopresidenteibanez.cl\/web\/wp-json\/wp\/v2\/tags?post=15635"}],"curies":[{"name":"wp","href":"https:\/\/api.w.org\/{rel}","templated":true}]}}