{"id":15632,"date":"2020-11-03T15:57:21","date_gmt":"2020-11-03T15:57:21","guid":{"rendered":"https:\/\/www.radiopresidenteibanez.cl\/web\/?p=15632"},"modified":"2020-11-03T15:57:28","modified_gmt":"2020-11-03T15:57:28","slug":"20-microempresas-y-pymes-de-magallanes-avanzan-a-la-siguiente-etapa-del-5o-concurso-nacional-desafio-emprendedor","status":"publish","type":"post","link":"https:\/\/www.radiopresidenteibanez.cl\/web\/20-microempresas-y-pymes-de-magallanes-avanzan-a-la-siguiente-etapa-del-5o-concurso-nacional-desafio-emprendedor\/","title":{"rendered":"20 MICROEMPRESAS Y PYMES DE MAGALLANES AVANZAN A LA SIGUIENTE ETAPA DEL 5\u00ba CONCURSO NACIONAL DESAF\u00cdO EMPRENDEDOR"},"content":{"rendered":"\n<p>Jabones,\ncremas faciales y cosm\u00e9tica ecol\u00f3gica, o caf\u00e9 de especialidad con granos\nseleccionados finamente. Estos son solo una muestra de los <strong>20 emprendimientos<\/strong> que fueron preseleccionados en la <strong>Regi\u00f3n de Magallanes <\/strong>para avanzar a la\nsiguiente fase del <strong>5\u00b0 Concurso Nacional\nDesaf\u00edo Emprendedor,<\/strong> iniciativa desarrollada en conjunto por <strong>Banco de Chile<\/strong> y <strong>Desaf\u00edo Levantemos Chile,<\/strong> que en esta nueva versi\u00f3n logr\u00f3 convocar\na <strong>m\u00e1s de 56 mil microempresas y pymes de\ntodas las regiones del pa\u00eds,<\/strong> que hoy m\u00e1s que nunca requieren de apoyo para\nreactivar sus proyectos.<\/p>\n\n\n\n<p>El\nconcurso tiene como principal objetivo apoyar el emprendimiento, brindar\ncapacitaciones y entregar herramientas clave para la gesti\u00f3n y sostenibilidad\nde los negocios de miles de microempresas y pymes a lo largo de Chile, adem\u00e1s\nde abrirles las puertas al nutrido ecosistema y redes de contacto que ofrece el\n<strong>Programa Pymes para Chile de Banco de\nChile,<\/strong> con el fin de aumentar su visibilidad a nivel nacional para\npotenciar sus ventas y generar v\u00ednculos con sus clientes. <\/p>\n\n\n\n<p>Tras la\nmasiva convocatoria, que alcanz\u00f3 <strong>un\ntotal de 56.160 inscritos,<\/strong> <strong>401\nemprendedores<\/strong> que representan a todas las regiones del pa\u00eds fueron preseleccionadas\npara avanzar en el concurso y participar de una serie de talleres y\ncapacitaciones online sobre modelos de negocios sostenibles, endeudamiento responsable\ny educaci\u00f3n financiera. Entre los preseleccionados, <strong>321 de ellos pertenecen al segmento Microempresas, mientras que los 80\nrestantes forman parte de la categor\u00eda Pyme.<\/strong> En el caso de la <strong>Regi\u00f3n de Magallanes, 20 emprendimientos\navanzaron a la siguiente etapa (se adjunta n\u00f3mina de los preseleccionados\nregionales).<\/strong><\/p>\n\n\n\n<p><strong>Mar\u00eda Victoria Martabit, gerente de Asuntos Corporativos\ny Desarrollo Sostenible de Banco de Chile,<\/strong> destac\u00f3 el inter\u00e9s de microempresas\ny pymes de aprovechar estos espacios de visibilidad y capacitaci\u00f3n, que sin\nduda tienen un significado especial por la compleja realidad que viven miles de\nemprendedores debido a los efectos de la pandemia de Covid-19 en sus negocios. \u201cEn\n<strong>Banco de Chile<\/strong> hemos sido testigos\nde los enormes desaf\u00edos que han debido enfrentar durante esta emergencia\nsanitaria, econ\u00f3mica y social; y nos motiva saber que, pese al dif\u00edcil\nescenario al que nos hemos visto enfrentados este a\u00f1o, mantienen intacto su\nesp\u00edritu emprendedor y su entusiasmo por reinventarse y volver a ponerse de pie\nnuevamente\u201d. <\/p>\n\n\n\n<p>Agreg\u00f3\nque \u201cen el marco de nuestro permanente compromiso con Chile, hemos concebido el\n<strong>5\u00b0 Concurso Nacional Desaf\u00edo Emprendedor<\/strong>\ncomo un espacio de consolidaci\u00f3n y proyecci\u00f3n de sus negocios, tanto para\npotenciar sus ventas y generar redes de contacto en el corto plazo, como\ntambi\u00e9n para entregarles las herramientas necesarias que les permitan sostener\nsus proyectos y escalarlos en el largo plazo\u201d. <\/p>\n\n\n\n<p><strong>Goran Ahumada<\/strong>, <strong>director de Emprendimiento de Desaf\u00edo Levantemos Chile,<\/strong> afirm\u00f3 que \u201choy,\nen este <strong>Concurso Desaf\u00edo Emprendedor,<\/strong>\nque por quinto a\u00f1o consecutivo llevamos a cabo junto al <strong>Banco de Chile,<\/strong> tenemos un nuevo grupo de peque\u00f1os negocios\npreseleccionados de todas las regiones del pa\u00eds. Ellos nos demuestran que estos\ngrandes emprendedores de peque\u00f1os negocios hacen posible convertir en realidad\nel sue\u00f1o de empleos para todos los chilenos, desde la innovaci\u00f3n aplicada\ncentrada en las personas. Juntos, un sue\u00f1o a la vez, construimos el Chile que\nnuestro pa\u00eds se merece\u201d. <\/p>\n\n\n\n<p>Una vez\nconcluida la fase de capacitaciones y talleres online, se proceder\u00e1 a\nseleccionar a los <strong>32 mejores\nemprendimientos a nivel nacional<\/strong> \u2014con dos representantes por cada regi\u00f3n\u2014,\nque participar\u00e1n en diciembre de este a\u00f1o en la <strong>Gran Final del 5\u00ba Concurso Nacional Desaf\u00edo Emprendedor.<\/strong> <\/p>\n\n\n\n<p>Previamente,\nlos 32 finalistas participar\u00e1n en un pitch final ante un jurado integrado por\nautoridades y representantes de <strong>Banco de\nChile<\/strong> y <strong>Desaf\u00edo Levantemos Chile,<\/strong>\nque seleccionar\u00e1 los tres primeros lugares en las dos categor\u00edas en\ncompetencia, <strong>Microempresa y Pyme,<\/strong>\nque es una de las innovaciones de la convocatoria de este a\u00f1o. <\/p>\n\n\n\n<p><strong>La presente versi\u00f3n\nconsidera premios por un total de $150 millones.<\/strong> En ambas categor\u00edas, el primer lugar recibir\u00e1 $20\nmillones, el segundo lugar $16 millones y el tercer lugar $13 millones, cada\nuno. Tambi\u00e9n habr\u00e1 un premio de $2 millones para cada uno de los restantes 26\nemprendedores que hayan clasificado a la fase y feria final del concurso. <\/p>\n\n\n\n<p>En el 4\u00b0\nConcurso Nacional Desaf\u00edo Emprendedor desarrollado el a\u00f1o pasado, la\nemprendedora representante de la Regi\u00f3n de Los R\u00edos, Mar\u00eda Loreto Mendoza, fue\nla ganadora del primer lugar con su proyecto \u201c<strong>Bioxiplas<\/strong>\u201d, que produce uniformes desechables\nbiodegradables para ser utilizados en plantas de procesos de alimentos, como\ntambi\u00e9n bolsas de basura y envases.<\/p>\n\n\n\n<p><strong>PRESELECCIONADOS REGI\u00d3N DE MAGALLANES<\/strong><strong><\/strong><\/p>\n\n\n\n<ul class=\"wp-block-list\"><li>PAULINA GALLARDO <\/li><li>PATAGONIA BLEND SPA <\/li><li>MARISOL MAALOUF MASS <\/li><li>MAXIMILIANO Y FEDERICO GIL <\/li><li>DANICA TAFRA <\/li><li>MICHELE VALENZUELA <\/li><li>GUILLERMO ESPINOZA <\/li><li>JORGE FIDELI <\/li><li>MIGUEL EDUARDO OSORIO ROJAS <\/li><li>YANET ZARATE <\/li><li>CLAUDIO BISKUPOVIC VERA <\/li><li>DOMINGO CIFUENTES <\/li><li>MIGUEL ALEJANDRO GALLARDO SARAOS <\/li><li>VER\u00d3NICA G\u00d3MEZ FUENTES <\/li><li>CLAUDIO GUTIERREZ <\/li><li>EVELYN MAR\u00cdA ZAVALLA SILVA <\/li><li>MAR\u00cdA EUGENIA BOUR VITTO <\/li><li>MIROSLAVA MIRIALIN DE LOURDES GONZALEZ YADRIYEVIC <\/li><li>TIRSON BRUNO VARGAS <\/li><li>B\u00c1RBARA BARR\u00cdA<\/li><\/ul>\n","protected":false},"excerpt":{"rendered":"<p>Jabones, cremas faciales y cosm\u00e9tica ecol\u00f3gica, o caf\u00e9 de especialidad con granos seleccionados finamente. Estos son solo una muestra de los 20 emprendimientos que fueron preseleccionados en la Regi\u00f3n de&#8230; <a class=\"read-more\" href=\"https:\/\/www.radiopresidenteibanez.cl\/web\/20-microempresas-y-pymes-de-magallanes-avanzan-a-la-siguiente-etapa-del-5o-concurso-nacional-desafio-emprendedor\/\">Leer m\u00e1s<\/a><\/p>\n","protected":false},"author":2,"featured_media":15633,"comment_status":"closed","ping_status":"closed","sticky":false,"template":"","format":"standard","meta":{"footnotes":""},"categories":[1],"tags":[],"class_list":["post-15632","post","type-post","status-publish","format-standard","has-post-thumbnail","hentry","category-cronica"],"_links":{"self":[{"href":"https:\/\/www.radiopresidenteibanez.cl\/web\/wp-json\/wp\/v2\/posts\/15632","targetHints":{"allow":["GET"]}}],"collection":[{"href":"https:\/\/www.radiopresidenteibanez.cl\/web\/wp-json\/wp\/v2\/posts"}],"about":[{"href":"https:\/\/www.radiopresidenteibanez.cl\/web\/wp-json\/wp\/v2\/types\/post"}],"author":[{"embeddable":true,"href":"https:\/\/www.radiopresidenteibanez.cl\/web\/wp-json\/wp\/v2\/users\/2"}],"replies":[{"embeddable":true,"href":"https:\/\/www.radiopresidenteibanez.cl\/web\/wp-json\/wp\/v2\/comments?post=15632"}],"version-history":[{"count":0,"href":"https:\/\/www.radiopresidenteibanez.cl\/web\/wp-json\/wp\/v2\/posts\/15632\/revisions"}],"wp:featuredmedia":[{"embeddable":true,"href":"https:\/\/www.radiopresidenteibanez.cl\/web\/wp-json\/wp\/v2\/media\/15633"}],"wp:attachment":[{"href":"https:\/\/www.radiopresidenteibanez.cl\/web\/wp-json\/wp\/v2\/media?parent=15632"}],"wp:term":[{"taxonomy":"category","embeddable":true,"href":"https:\/\/www.radiopresidenteibanez.cl\/web\/wp-json\/wp\/v2\/categories?post=15632"},{"taxonomy":"post_tag","embeddable":true,"href":"https:\/\/www.radiopresidenteibanez.cl\/web\/wp-json\/wp\/v2\/tags?post=15632"}],"curies":[{"name":"wp","href":"https:\/\/api.w.org\/{rel}","templated":true}]}}