{"id":15629,"date":"2020-11-03T15:53:21","date_gmt":"2020-11-03T15:53:21","guid":{"rendered":"https:\/\/www.radiopresidenteibanez.cl\/web\/?p=15629"},"modified":"2020-11-03T15:53:27","modified_gmt":"2020-11-03T15:53:27","slug":"representante-ocde-cada-dia-de-escolaridad-que-se-pierde-tendra-un-costo-muy-alto-para-los-estudiantes","status":"publish","type":"post","link":"https:\/\/www.radiopresidenteibanez.cl\/web\/representante-ocde-cada-dia-de-escolaridad-que-se-pierde-tendra-un-costo-muy-alto-para-los-estudiantes\/","title":{"rendered":"REPRESENTANTE OCDE: \u201cCADA D\u00cdA DE ESCOLARIDAD QUE SE PIERDE TENDR\u00c1 UN COSTO MUY ALTO PARA LOS ESTUDIANTES\u201d"},"content":{"rendered":"\n<p>El ministro de Educaci\u00f3n, Ra\u00fal Figueroa, particip\u00f3 junto a\n<strong>Andreas Schleicher, Director de Educaci\u00f3n y Habilidades de OCDE<\/strong> en el\nseminario \u201cAbrir las Escuelas: Estamos a Tiempo\u201d, donde el tema principal\nrecay\u00f3 en la importancia que tiene para el pa\u00eds, el volver a clases, aun cuando\nfalten pocos meses para cerrar el a\u00f1o escolar. <\/p>\n\n\n\n<p>En la oportunidad, el representante\nde la OCDE fue enf\u00e1tico al sostener que es necesario volver a clases lo antes posible, sum\u00e1ndose a lo\nsostenido por UNESCO y UNICEF y adem\u00e1s respald\u00f3 la gesti\u00f3n que se ha\nrealizado desde el ministerio de Educaci\u00f3n, se\u00f1alando que \u201cnada puede reemplazar el contacto\nentre estudiantes y docentes. La escuela lo puede hacer por un tiempo, pero\ncada d\u00eda que se pierde de escolaridad va a tener un muy alto precio para los\nestudiantes de nuestras sociedades. Nuestras sociedades est\u00e1n polarizadas,\nporque el cierre de nuestras escuelas ha llevado desigualdades que hemos visto\nantes\u201d<\/p>\n\n\n\n<p>Durante su presentaci\u00f3n, Schleicher\nanaliz\u00f3 el contexto mundial y explic\u00f3 que \u201c1.500 millones de estudiantes de\ntodo el mundo quedaron excluidos de sus escuelas. Algunos de ellos pudieron\ncontinuar su educaci\u00f3n aun con las escuelas cerradas a trav\u00e9s de oportunidades\nde aprendizaje remoto. Pero muchos permanecieron excluidos cuando cerraron sus\nescuelas, en particular los de los grupos m\u00e1s marginados, que no ten\u00edan acceso\na los recursos de aprendizaje digital o carec\u00edan del apoyo, la resistencia y el\ncompromiso para aprender por s\u00ed mismos\u201d. <\/p>\n\n\n\n<p>&nbsp;Por su parte, el <strong>ministro de Educaci\u00f3n,\nRa\u00fal Figueroa<\/strong> agreg\u00f3 que \u201cel\nefecto del Covid ha sido tremendamente complejo, y como pa\u00eds tenemos que\nempezar a trabajar bajo una l\u00f3gica, que la suspensi\u00f3n de clases no puede\ntransformarse en una medida permanente, por definici\u00f3n es una medida\ntransitoria, y es as\u00ed porque si bien fue necesario tomarla para palear los\nefectos del covid, los efectos de esta suspensi\u00f3n son demasiado evidentes y el\nimpacto que produce en los alumnos es tambi\u00e9n lamentablemente negativo en una\nmirada global, y por eso tenemos que seguir haciendo estos esfuerzos y poner la\nreapertura de las escuelas como un objetivo y seguir el ejemplo de los pa\u00edses\ndel hemisferio norte como viviendo rebrotes han adoptado una serie de medidas\nrestrictivas, pero manteniendo siempre las escuelas abiertas\u201d<\/p>\n\n\n\n<p>Cabe destacar que el director de\nEducaci\u00f3n y Habilidades de OCDE tambi\u00e9n realiz\u00f3 un importante reconocimiento al\ntrabajo que han realizado los docentes durante la crisis sanitaria \u201cel\nbienestar estudiantil est\u00e1 en el n\u00facleo de esto. Se han elaborado estrategias\ns\u00f3lidas para entregar apoyo a los estudiantes que se han visto afectados por\nesta situaci\u00f3n. Esto no se deber\u00eda dejar de lado. Con ello el rol de los\ndocentes se ha expandido, deben ser tutores, dise\u00f1adores del entorno cambiante,\npor ello su trabajo es cada vez m\u00e1s importante, m\u00e1s relevante\u201d.<\/p>\n\n\n\n<p>Aquellos que no hayan podido\nparticipar del encuentro, podr\u00e1n revisarlo en el canal Youtube <a href=\"https:\/\/www.youtube.com\/user\/mineducchile\">https:\/\/www.youtube.com\/user\/mineducchile<\/a> <\/p>\n","protected":false},"excerpt":{"rendered":"<p>El ministro de Educaci\u00f3n, Ra\u00fal Figueroa, particip\u00f3 junto a Andreas Schleicher, Director de Educaci\u00f3n y Habilidades de OCDE en el seminario \u201cAbrir las Escuelas: Estamos a Tiempo\u201d, donde el tema&#8230; <a class=\"read-more\" href=\"https:\/\/www.radiopresidenteibanez.cl\/web\/representante-ocde-cada-dia-de-escolaridad-que-se-pierde-tendra-un-costo-muy-alto-para-los-estudiantes\/\">Leer m\u00e1s<\/a><\/p>\n","protected":false},"author":2,"featured_media":15630,"comment_status":"closed","ping_status":"closed","sticky":false,"template":"","format":"standard","meta":{"footnotes":""},"categories":[1],"tags":[],"class_list":["post-15629","post","type-post","status-publish","format-standard","has-post-thumbnail","hentry","category-cronica"],"_links":{"self":[{"href":"https:\/\/www.radiopresidenteibanez.cl\/web\/wp-json\/wp\/v2\/posts\/15629","targetHints":{"allow":["GET"]}}],"collection":[{"href":"https:\/\/www.radiopresidenteibanez.cl\/web\/wp-json\/wp\/v2\/posts"}],"about":[{"href":"https:\/\/www.radiopresidenteibanez.cl\/web\/wp-json\/wp\/v2\/types\/post"}],"author":[{"embeddable":true,"href":"https:\/\/www.radiopresidenteibanez.cl\/web\/wp-json\/wp\/v2\/users\/2"}],"replies":[{"embeddable":true,"href":"https:\/\/www.radiopresidenteibanez.cl\/web\/wp-json\/wp\/v2\/comments?post=15629"}],"version-history":[{"count":0,"href":"https:\/\/www.radiopresidenteibanez.cl\/web\/wp-json\/wp\/v2\/posts\/15629\/revisions"}],"wp:featuredmedia":[{"embeddable":true,"href":"https:\/\/www.radiopresidenteibanez.cl\/web\/wp-json\/wp\/v2\/media\/15630"}],"wp:attachment":[{"href":"https:\/\/www.radiopresidenteibanez.cl\/web\/wp-json\/wp\/v2\/media?parent=15629"}],"wp:term":[{"taxonomy":"category","embeddable":true,"href":"https:\/\/www.radiopresidenteibanez.cl\/web\/wp-json\/wp\/v2\/categories?post=15629"},{"taxonomy":"post_tag","embeddable":true,"href":"https:\/\/www.radiopresidenteibanez.cl\/web\/wp-json\/wp\/v2\/tags?post=15629"}],"curies":[{"name":"wp","href":"https:\/\/api.w.org\/{rel}","templated":true}]}}