{"id":15626,"date":"2020-11-03T15:51:59","date_gmt":"2020-11-03T15:51:59","guid":{"rendered":"https:\/\/www.radiopresidenteibanez.cl\/web\/?p=15626"},"modified":"2020-11-03T15:52:04","modified_gmt":"2020-11-03T15:52:04","slug":"hospital-de-natales-realiza-urgente-llamado-a-la-comunidad-a-respetar-las-medidas-contra-el-covid","status":"publish","type":"post","link":"https:\/\/www.radiopresidenteibanez.cl\/web\/hospital-de-natales-realiza-urgente-llamado-a-la-comunidad-a-respetar-las-medidas-contra-el-covid\/","title":{"rendered":"HOSPITAL DE NATALES REALIZA URGENTE LLAMADO A LA COMUNIDAD A RESPETAR LAS MEDIDAS CONTRA EL COVID"},"content":{"rendered":"\n<p>Desde un\ncomienzo el hospital de Natales ha trabajado incansablemente para combatir los\ncontagios por coronavirus, los cuales durante estas \u00faltimas semanas ha sufrido\nun aumento significativo.<\/p>\n\n\n\n<p>Es en\nese sentido que la directora (s) Dra. Jhosnyver Duarte se\u00f1alo: \u201cComo Hospital\nestamos conscientes del aumento exponencial de casos de coronavirus en nuestra comuna.\nVemos con gran preocupaci\u00f3n que d\u00eda a d\u00eda son mas los contagios y m\u00e1s los pacientes\nque ingresan a nuestra unidad de urgencia, los que eventualmente son\ntrasladados a nuestra uti, requiriendo medidas de ventilaci\u00f3n mec\u00e1nica y muchos\ntraslados hacia la macro y micro red\u201d.<\/p>\n\n\n\n<p>La Dra.\nDuarte realiz\u00f3 un llamado urgente a la poblaci\u00f3n natalina: \u201chacemos un llamado\nurgente a nuestra comunidad natalina a cuidarnos entre todos. Mantengamos el\ndistanciamiento social, cumplamos con las normativas, usemos nuestras mascarillas,\nla cual debe cubrir nariz y boca, no sirve que la ocupemos debajo de la boca o\nla nariz. Recordemos que el virus se transmite por v\u00eda a\u00e9rea. Si todos nos\ncuidamos vamos a poder salir de esta cuarentena y llevar una vida en la nueva\nnormalidad, la que nos permita compartir con nuestros seres queridos\u201d.<\/p>\n\n\n\n<p>Finalmente,\nla Dra. Duarte enfatiz\u00f3 en el lavado de manos, cambiarse de ropa, limpiar\nnuestros zapatos o usar otro calzado dentro de nuestro hogar, evitar las\nvisitas, las salidas innecesarias, el uso de la mascarilla y el distanciamiento\nsocial.<\/p>\n","protected":false},"excerpt":{"rendered":"<p>Desde un comienzo el hospital de Natales ha trabajado incansablemente para combatir los contagios por coronavirus, los cuales durante estas \u00faltimas semanas ha sufrido un aumento significativo. Es en ese&#8230; <a class=\"read-more\" href=\"https:\/\/www.radiopresidenteibanez.cl\/web\/hospital-de-natales-realiza-urgente-llamado-a-la-comunidad-a-respetar-las-medidas-contra-el-covid\/\">Leer m\u00e1s<\/a><\/p>\n","protected":false},"author":2,"featured_media":15627,"comment_status":"closed","ping_status":"closed","sticky":false,"template":"","format":"standard","meta":{"footnotes":""},"categories":[1],"tags":[],"class_list":["post-15626","post","type-post","status-publish","format-standard","has-post-thumbnail","hentry","category-cronica"],"_links":{"self":[{"href":"https:\/\/www.radiopresidenteibanez.cl\/web\/wp-json\/wp\/v2\/posts\/15626","targetHints":{"allow":["GET"]}}],"collection":[{"href":"https:\/\/www.radiopresidenteibanez.cl\/web\/wp-json\/wp\/v2\/posts"}],"about":[{"href":"https:\/\/www.radiopresidenteibanez.cl\/web\/wp-json\/wp\/v2\/types\/post"}],"author":[{"embeddable":true,"href":"https:\/\/www.radiopresidenteibanez.cl\/web\/wp-json\/wp\/v2\/users\/2"}],"replies":[{"embeddable":true,"href":"https:\/\/www.radiopresidenteibanez.cl\/web\/wp-json\/wp\/v2\/comments?post=15626"}],"version-history":[{"count":0,"href":"https:\/\/www.radiopresidenteibanez.cl\/web\/wp-json\/wp\/v2\/posts\/15626\/revisions"}],"wp:featuredmedia":[{"embeddable":true,"href":"https:\/\/www.radiopresidenteibanez.cl\/web\/wp-json\/wp\/v2\/media\/15627"}],"wp:attachment":[{"href":"https:\/\/www.radiopresidenteibanez.cl\/web\/wp-json\/wp\/v2\/media?parent=15626"}],"wp:term":[{"taxonomy":"category","embeddable":true,"href":"https:\/\/www.radiopresidenteibanez.cl\/web\/wp-json\/wp\/v2\/categories?post=15626"},{"taxonomy":"post_tag","embeddable":true,"href":"https:\/\/www.radiopresidenteibanez.cl\/web\/wp-json\/wp\/v2\/tags?post=15626"}],"curies":[{"name":"wp","href":"https:\/\/api.w.org\/{rel}","templated":true}]}}