{"id":15623,"date":"2020-11-03T13:27:23","date_gmt":"2020-11-03T13:27:23","guid":{"rendered":"https:\/\/www.radiopresidenteibanez.cl\/web\/?p=15623"},"modified":"2020-11-03T13:27:29","modified_gmt":"2020-11-03T13:27:29","slug":"alcalde-radonich-tal-como-lo-dijo-el-ministro-paris-las-cuarentenas-prolongadas-no-sirven","status":"publish","type":"post","link":"https:\/\/www.radiopresidenteibanez.cl\/web\/alcalde-radonich-tal-como-lo-dijo-el-ministro-paris-las-cuarentenas-prolongadas-no-sirven\/","title":{"rendered":"ALCALDE RADONICH: \u201cTAL COMO LO DIJO EL MINISTRO PARIS, LAS CUARENTENAS PROLONGADAS NO SIRVEN\u201d"},"content":{"rendered":"\n<p>uego del anuncio de las autoridades nacionales de ampliar el horario de toque de queda en el resto del pa\u00eds, excepto en Magallanes y en Puerto Montt, el alcalde de Punta Arenas, Claudio Radonich dijo que \u201ces necesario empezar a reabrir la ciudad de manera responsable\u201d.<\/p>\n\n\n\n<p>\u201cDurante las \u00faltimas semanas hemos tenido menos contagios, lo cual es muy positivo\u201d, agreg\u00f3 Radonich, quien tambi\u00e9n cit\u00f3 las palabras del Ministro de Salud, Enrique Paris, respecto a que \u201clas cuarentenas prolongadas no son eficaces\u201d.<\/p>\n\n\n\n<p>\u201cEn nuestra comuna tenemos mejores n\u00fameros que semanas atr\u00e1s, por lo que recordar\u00e9 las palabras del ministro Paris, respecto a que las cuarentenas prolongadas no son eficaces, y hemos visto que pese al esfuerzo con m\u00e1s de 2 meses de encierro, la que ha sido muy duro para los vecinos de Punta Arenas en todos los aspectos, sobre todo en lo econ\u00f3mico y mental\u201d, recalc\u00f3 el jefe comunal.<\/p>\n\n\n\n<p>En esa l\u00ednea, el Alcalde tambi\u00e9n expuso que \u201cdebemos tener claro que hay que convivir con el COVID, pero despu\u00e9s de tantas semanas, es necesario pensar en ir abriendo la ciudad de manera responsable, ya que tal como lo dijo el ministro Paris, las cuarentenas prolongadas, no sirven\u201d.<\/p>\n","protected":false},"excerpt":{"rendered":"<p>uego del anuncio de las autoridades nacionales de ampliar el horario de toque de queda en el resto del pa\u00eds, excepto en Magallanes y en Puerto Montt, el alcalde de&#8230; <a class=\"read-more\" href=\"https:\/\/www.radiopresidenteibanez.cl\/web\/alcalde-radonich-tal-como-lo-dijo-el-ministro-paris-las-cuarentenas-prolongadas-no-sirven\/\">Leer m\u00e1s<\/a><\/p>\n","protected":false},"author":2,"featured_media":15590,"comment_status":"closed","ping_status":"closed","sticky":false,"template":"","format":"standard","meta":{"footnotes":""},"categories":[1],"tags":[],"class_list":["post-15623","post","type-post","status-publish","format-standard","has-post-thumbnail","hentry","category-cronica"],"_links":{"self":[{"href":"https:\/\/www.radiopresidenteibanez.cl\/web\/wp-json\/wp\/v2\/posts\/15623","targetHints":{"allow":["GET"]}}],"collection":[{"href":"https:\/\/www.radiopresidenteibanez.cl\/web\/wp-json\/wp\/v2\/posts"}],"about":[{"href":"https:\/\/www.radiopresidenteibanez.cl\/web\/wp-json\/wp\/v2\/types\/post"}],"author":[{"embeddable":true,"href":"https:\/\/www.radiopresidenteibanez.cl\/web\/wp-json\/wp\/v2\/users\/2"}],"replies":[{"embeddable":true,"href":"https:\/\/www.radiopresidenteibanez.cl\/web\/wp-json\/wp\/v2\/comments?post=15623"}],"version-history":[{"count":0,"href":"https:\/\/www.radiopresidenteibanez.cl\/web\/wp-json\/wp\/v2\/posts\/15623\/revisions"}],"wp:featuredmedia":[{"embeddable":true,"href":"https:\/\/www.radiopresidenteibanez.cl\/web\/wp-json\/wp\/v2\/media\/15590"}],"wp:attachment":[{"href":"https:\/\/www.radiopresidenteibanez.cl\/web\/wp-json\/wp\/v2\/media?parent=15623"}],"wp:term":[{"taxonomy":"category","embeddable":true,"href":"https:\/\/www.radiopresidenteibanez.cl\/web\/wp-json\/wp\/v2\/categories?post=15623"},{"taxonomy":"post_tag","embeddable":true,"href":"https:\/\/www.radiopresidenteibanez.cl\/web\/wp-json\/wp\/v2\/tags?post=15623"}],"curies":[{"name":"wp","href":"https:\/\/api.w.org\/{rel}","templated":true}]}}