{"id":15620,"date":"2020-11-03T13:23:08","date_gmt":"2020-11-03T13:23:08","guid":{"rendered":"https:\/\/www.radiopresidenteibanez.cl\/web\/?p=15620"},"modified":"2020-11-03T13:23:13","modified_gmt":"2020-11-03T13:23:13","slug":"asociaciones-gremiales-de-turismo-y-comercio-de-magallanes-se-unen-en-forma-transversal-y-se-organizan-para-enfatizar-llamado-de-auxilio-al-gobierno-ante-paralizacion-total-del-sector","status":"publish","type":"post","link":"https:\/\/www.radiopresidenteibanez.cl\/web\/asociaciones-gremiales-de-turismo-y-comercio-de-magallanes-se-unen-en-forma-transversal-y-se-organizan-para-enfatizar-llamado-de-auxilio-al-gobierno-ante-paralizacion-total-del-sector\/","title":{"rendered":"ASOCIACIONES GREMIALES DE TURISMO Y COMERCIO DE MAGALLANES SE UNEN EN FORMA TRANSVERSAL Y SE ORGANIZAN PARA ENFATIZAR LLAMADO DE AUXILIO AL GOBIERNO ANTE PARALIZACI\u00d3N TOTAL DEL SECTOR"},"content":{"rendered":"\n<p>Un escenario muy complicado est\u00e1 viviendo las\nempresas, trabajadores y proveedores de toda la industria tur\u00edstica de la\nregi\u00f3n de Magallanes.<\/p>\n\n\n\n<p>Sin tener fechas claras de apertura nacional\ne internacional y con casi el 100% de reservas canceladas para esta temporada, est\u00e1n\nllegando al l\u00edmite de su situaci\u00f3n de caja para poder cubrir sus costos fijos y\nsin un rescate financiero urgente, no podr\u00e1n subsistir, dado que los nuevos\ningresos llegar\u00e1n reci\u00e9n en noviembre del pr\u00f3ximo a\u00f1o 2021, siempre y cuando se\nreactive la actividad tur\u00edstica el pr\u00f3ximo a\u00f1o.<\/p>\n\n\n\n<p>La actividad tur\u00edstica da empleo a m\u00e1s de\n18.000 personas en la regi\u00f3n y es una cadena de valor compuesta por servicios\nde alojamiento, agencias de viajes, tour operadores, transportistas, comercio,\ngastronom\u00eda, artesan\u00eda y todo tipo de proveedores y servicios asociados.<\/p>\n\n\n\n<p><strong>Financiamiento\ncon facilidades<\/strong><\/p>\n\n\n\n<p>Uno de los aspectos que se vuelve clave y cr\u00edtico\npara la supervivencia de la Industria Tur\u00edstica en Magallanes, es el apoyo que\nel Gobierno entregue durante estos meses de cero demanda. Inquieta la situaci\u00f3n\nde quienes accedieron a los cr\u00e9ditos FOGAPE, pues se acerca la fecha de pago y\nlos trabajadores de la industria tur\u00edstica \u2013al estar paralizados en su labor-\nsimplemente no cuentan con recursos para saldar esta deuda.<\/p>\n\n\n\n<p><strong>Protocolos\ny medidas sanitarias<\/strong><\/p>\n\n\n\n<p>Hace varios meses, todas las empresas\nasociadas al rubro tur\u00edstico de Magallanes, se han preparado arduamente y en\nforma muy rigurosa, para cumplir con todos y cada uno de los protocolos que han\nestablecido los Ministerios de Salud y Econom\u00eda en nuestro pa\u00eds, para prevenir\ny enfrentar el coronavirus. Se han realizado inversiones en infraestructura adecuada,\ninsumos y herramientas para mantener la sanitizaci\u00f3n de los hoteles y servicios\ntur\u00edsticos, capacitaci\u00f3n a colaboradores y todas aquellas medidas que\ncontribuyen a prevenir los contagios de este virus.<\/p>\n\n\n\n<p>La \u00fanica alternativa que ven para no\ndesaparecer es que el Gobierno les permita trabajar, tomando todos los\nresguardos para que sea una actividad segura, Una de las alternativas que\nproponen es exigir PCR negativo a todos quienes vengan de otros lugares, de tal\nmanera de cuidar a toda la comunidad, colaboradores y turistas.<\/p>\n\n\n\n<p><strong>Movilizaci\u00f3n\nciudadana<\/strong><\/p>\n\n\n\n<p>Ante la terrible situaci\u00f3n que est\u00e1 viviendo\nel turismo en Magallanes, todos los gremios se han unido para levantar la voz,\ny han organizado una serie de actividades y activaciones durante esta semana,\nlas cuales finalizan con una caravana en la ciudad de Puerto Natales, para lo\ncual han pedido la autorizaci\u00f3n correspondiente. Se trata de una manifestaci\u00f3n\npac\u00edfica y segura, con todas las medidas sanitarias necesarias, con el objetivo\nde visibilizar a nivel nacional, la compleja situaci\u00f3n que est\u00e1n viviendo.<\/p>\n\n\n\n<p>Pilar Irribarra, Presidenta de la C\u00e1mara de\nTurismo de Ultima Esperanza y vocera de esta movilizaci\u00f3n se\u00f1al\u00f3 que <strong>\u201c<em>Hoy\nnuestra industria est\u00e1 aguantando la respiraci\u00f3n. Estamos a punto de ver\ndesaparecer a un sector tremendamente importante, ya que somos los \u00fanicos que\nestamos totalmente paralizados. Por eso nos hemos unido en una sola voz, para\nmovilizarnos y hacer un llamado urgente a las autoridades, nuestra situaci\u00f3n es\ncr\u00edtica. Para Magallanes, el Turismo es fundamental y permite dar trabajo a\nmuchas personas y familias que nos necesitan. El momento es ahora, no podemos\nesperar m\u00e1s\u201d<\/em>,<\/strong> concluy\u00f3.<\/p>\n","protected":false},"excerpt":{"rendered":"<p>Un escenario muy complicado est\u00e1 viviendo las empresas, trabajadores y proveedores de toda la industria tur\u00edstica de la regi\u00f3n de Magallanes. Sin tener fechas claras de apertura nacional e internacional&#8230; <a class=\"read-more\" href=\"https:\/\/www.radiopresidenteibanez.cl\/web\/asociaciones-gremiales-de-turismo-y-comercio-de-magallanes-se-unen-en-forma-transversal-y-se-organizan-para-enfatizar-llamado-de-auxilio-al-gobierno-ante-paralizacion-total-del-sector\/\">Leer m\u00e1s<\/a><\/p>\n","protected":false},"author":2,"featured_media":2967,"comment_status":"closed","ping_status":"closed","sticky":false,"template":"","format":"standard","meta":{"footnotes":""},"categories":[1],"tags":[],"class_list":["post-15620","post","type-post","status-publish","format-standard","has-post-thumbnail","hentry","category-cronica"],"_links":{"self":[{"href":"https:\/\/www.radiopresidenteibanez.cl\/web\/wp-json\/wp\/v2\/posts\/15620","targetHints":{"allow":["GET"]}}],"collection":[{"href":"https:\/\/www.radiopresidenteibanez.cl\/web\/wp-json\/wp\/v2\/posts"}],"about":[{"href":"https:\/\/www.radiopresidenteibanez.cl\/web\/wp-json\/wp\/v2\/types\/post"}],"author":[{"embeddable":true,"href":"https:\/\/www.radiopresidenteibanez.cl\/web\/wp-json\/wp\/v2\/users\/2"}],"replies":[{"embeddable":true,"href":"https:\/\/www.radiopresidenteibanez.cl\/web\/wp-json\/wp\/v2\/comments?post=15620"}],"version-history":[{"count":0,"href":"https:\/\/www.radiopresidenteibanez.cl\/web\/wp-json\/wp\/v2\/posts\/15620\/revisions"}],"wp:featuredmedia":[{"embeddable":true,"href":"https:\/\/www.radiopresidenteibanez.cl\/web\/wp-json\/wp\/v2\/media\/2967"}],"wp:attachment":[{"href":"https:\/\/www.radiopresidenteibanez.cl\/web\/wp-json\/wp\/v2\/media?parent=15620"}],"wp:term":[{"taxonomy":"category","embeddable":true,"href":"https:\/\/www.radiopresidenteibanez.cl\/web\/wp-json\/wp\/v2\/categories?post=15620"},{"taxonomy":"post_tag","embeddable":true,"href":"https:\/\/www.radiopresidenteibanez.cl\/web\/wp-json\/wp\/v2\/tags?post=15620"}],"curies":[{"name":"wp","href":"https:\/\/api.w.org\/{rel}","templated":true}]}}