{"id":15614,"date":"2020-11-03T13:17:06","date_gmt":"2020-11-03T13:17:06","guid":{"rendered":"https:\/\/www.radiopresidenteibanez.cl\/web\/?p=15614"},"modified":"2020-11-03T13:17:19","modified_gmt":"2020-11-03T13:17:19","slug":"festival-de-la-ciencia-se-desarrollara-en-modalidad-online","status":"publish","type":"post","link":"https:\/\/www.radiopresidenteibanez.cl\/web\/festival-de-la-ciencia-se-desarrollara-en-modalidad-online\/","title":{"rendered":"FESTIVAL DE LA CIENCIA SE DESARROLLAR\u00c1 EN MODALIDAD ONLINE"},"content":{"rendered":"\n<p>Con la finalidad de potenciar las actividades desarrolladas\ndurante la tradicional Semana de la Ciencia y la Tecnolog\u00eda, y de esta forma convocar\na nuevos actores tras la entrada en funcionamiento del Ministerio, este pr\u00f3ximo\n11 de noviembre comenzar\u00e1 el Festival de la Ciencia (FECI) a lo largo de todo\nel pa\u00eds. <\/p>\n\n\n\n<p>Las actividades de esta primera versi\u00f3n nacional\ndel FECI -que se extender\u00e1n hasta el 15 de noviembre- han sido adaptadas al\nactual contexto sanitario, promoviendo s\u00f3lo la realizaci\u00f3n de ellas en\nmodalidad online. En el caso de nuestra regi\u00f3n el proyecto ejecutado por la\nUniversidad de Magallanes ya cuenta con su <a href=\"https:\/\/drive.google.com\/file\/d\/1yQdedqO8R51F0RuyT2uRde1_ydXAPBVb\/view?usp=sharing\">programaci\u00f3n<\/a> oficial para estos\nd\u00edas. <\/p>\n\n\n\n<p>\u201cHemos organizado diversas actividades como\ntalleres, conversatorio, cuenta cuento, entre otros, y que estar\u00e1n disponibles\nen formato virtual. Hay iniciativas para toda la familia, as\u00ed que est\u00e1n todos\ncordialmente invitados e invitada a participar\u201d, coment\u00f3 Claudia Salinas,\ndirectora del PAR Explora Magallanes. <\/p>\n\n\n\n<p>El evento busca festejar la Ciencia, la Tecnolog\u00eda,\nel Conocimiento e Innovaci\u00f3n (CTCI) transform\u00e1ndose en un hito nacional, a\ntrav\u00e9s de m\u00faltiples actividades en torno a todas las \u00e1reas del conocimiento. &nbsp;Para ello, este festival convoc\u00f3 a personas e\ninstituciones, p\u00fablicas y privadas, a desarrollar actividades abiertas al\np\u00fablico, con el objetivo de celebrar el conocimiento y la cultura cient\u00edfica\ncon toda la sociedad. <\/p>\n\n\n\n<p>\u201cCelebremos la curiosidad\u201d ser\u00e1 la consigna de\neste a\u00f1o en FECI, y ser\u00e1n parte de \u00e9l Fundaci\u00f3n Mar y Ciencia, Proyecto GEF\nCastor, Inach, Cuentera Austral en conjunto con Ventana Cultural de la\nUniversidad de Magallanes. Tambi\u00e9n participan Producci\u00f3n de Conocimiento en\nChile contempor\u00e1neo (SOC180039), Gasco Magallanes, Centro de Investigaci\u00f3n GAIA\nAnt\u00e1rtica, Museo del Recuerdo, Aguas Magallanes, Conaf Magallanes, WCS Chile,\nINIA, IFOP, Arte y Fuego, Fundaci\u00f3n Glaciares, Servicio Patrimonio Cultural de\nMagallanes, y PAR Explora Ays\u00e9n. <\/p>\n\n\n\n<p>La convocatoria para las iniciativas\nregionales ya comenz\u00f3 y cuentan con un m\u00e1ximo de cupos disponibles. Para m\u00e1s\ninformaci\u00f3n pueden visitar el sitio web <a href=\"http:\/\/www.explora.cl\/magallanes\">www.explora.cl\/magallanes<\/a> <\/p>\n","protected":false},"excerpt":{"rendered":"<p>Con la finalidad de potenciar las actividades desarrolladas durante la tradicional Semana de la Ciencia y la Tecnolog\u00eda, y de esta forma convocar a nuevos actores tras la entrada en&#8230; <a class=\"read-more\" href=\"https:\/\/www.radiopresidenteibanez.cl\/web\/festival-de-la-ciencia-se-desarrollara-en-modalidad-online\/\">Leer m\u00e1s<\/a><\/p>\n","protected":false},"author":2,"featured_media":15615,"comment_status":"closed","ping_status":"closed","sticky":false,"template":"","format":"standard","meta":{"footnotes":""},"categories":[1],"tags":[],"class_list":["post-15614","post","type-post","status-publish","format-standard","has-post-thumbnail","hentry","category-cronica"],"_links":{"self":[{"href":"https:\/\/www.radiopresidenteibanez.cl\/web\/wp-json\/wp\/v2\/posts\/15614","targetHints":{"allow":["GET"]}}],"collection":[{"href":"https:\/\/www.radiopresidenteibanez.cl\/web\/wp-json\/wp\/v2\/posts"}],"about":[{"href":"https:\/\/www.radiopresidenteibanez.cl\/web\/wp-json\/wp\/v2\/types\/post"}],"author":[{"embeddable":true,"href":"https:\/\/www.radiopresidenteibanez.cl\/web\/wp-json\/wp\/v2\/users\/2"}],"replies":[{"embeddable":true,"href":"https:\/\/www.radiopresidenteibanez.cl\/web\/wp-json\/wp\/v2\/comments?post=15614"}],"version-history":[{"count":0,"href":"https:\/\/www.radiopresidenteibanez.cl\/web\/wp-json\/wp\/v2\/posts\/15614\/revisions"}],"wp:featuredmedia":[{"embeddable":true,"href":"https:\/\/www.radiopresidenteibanez.cl\/web\/wp-json\/wp\/v2\/media\/15615"}],"wp:attachment":[{"href":"https:\/\/www.radiopresidenteibanez.cl\/web\/wp-json\/wp\/v2\/media?parent=15614"}],"wp:term":[{"taxonomy":"category","embeddable":true,"href":"https:\/\/www.radiopresidenteibanez.cl\/web\/wp-json\/wp\/v2\/categories?post=15614"},{"taxonomy":"post_tag","embeddable":true,"href":"https:\/\/www.radiopresidenteibanez.cl\/web\/wp-json\/wp\/v2\/tags?post=15614"}],"curies":[{"name":"wp","href":"https:\/\/api.w.org\/{rel}","templated":true}]}}