{"id":15603,"date":"2020-11-02T15:53:13","date_gmt":"2020-11-02T15:53:13","guid":{"rendered":"https:\/\/www.radiopresidenteibanez.cl\/web\/?p=15603"},"modified":"2020-11-02T15:53:20","modified_gmt":"2020-11-02T15:53:20","slug":"pamela-flores-pinochet-es-la-nueva-coordinadora-regional-de-seguridad-publica","status":"publish","type":"post","link":"https:\/\/www.radiopresidenteibanez.cl\/web\/pamela-flores-pinochet-es-la-nueva-coordinadora-regional-de-seguridad-publica\/","title":{"rendered":"PAMELA FLORES PINOCHET ES LA NUEVA COORDINADORA REGIONAL DE SEGURIDAD P\u00daBLICA"},"content":{"rendered":"\n<p>La intendenta Jenniffer Rojas se reuni\u00f3 hoy con la nueva coordinadora\nregional de Seguridad P\u00fablica, Pamela Flores Pinochet, instancia en que ambas\ndialogaron sobre las relevantes tareas y responsabilidades que se deben cumplir\nen la materia, donde adem\u00e1s de la prevenci\u00f3n del delito, se suma todo lo\nrelativo al cumplimiento de cuarentenas y permisos establecidos para cada fase\ndel Plan Paso a Paso.<\/p>\n\n\n\n<p>La nueva autoridad regional es de profesi\u00f3n psic\u00f3loga, con magister en\npsicolog\u00eda cl\u00ednica, y en los \u00faltimos siete a\u00f1os se desempe\u00f1\u00f3 en Gendarmer\u00eda de\nChile, teniendo adem\u00e1s experiencia laboral en corporaciones y fundaciones en\nMagallanes.<\/p>\n\n\n\n<p>Concluida la reuni\u00f3n con la intendenta Rojas, la nueva coordinadora\nregional de Seguridad P\u00fablica expres\u00f3 que \u201cagradezco la confianza depositada en\nm\u00ed por parte de la intendenta Jenniffer Rojas y de la subsecretaria de\nPrevenci\u00f3n del Delito Katherine Martorell. Este desaf\u00edo es muy relevante. Hoy\nasumo una tarea que la propia intendenta realiz\u00f3 anteriormente y eso es un\naliciente para poner mi mayor esfuerzo en contribuir a que nuestra regi\u00f3n siga\nsiendo segura y, lo m\u00e1s importante, que las personas se sientan seguras en su\nbarrio, cuando salen al centro, cuando van de compras, en todo lugar y en todo\nmomento\u201d, afirm\u00f3 Flores, recalcando que \u201cmi trabajo se centrar\u00e1 en generar\nv\u00ednculos con todos los actores en materia de seguridad, donde por supuesto la\ncomunidad, los vecinos, tienen un rol fundamental\u201d.<\/p>\n\n\n\n<p>En tanto, la primera autoridad regional dese\u00f3 todo el \u00e9xito en su gesti\u00f3n a\nla nueva coordinadora regional de Seguridad P\u00fablica, a quien solicit\u00f3 poner\nespecial \u00e9nfasis al trabajo en terreno, con el objetivo de que las personas\nmejoren su percepci\u00f3n de seguridad y se mantenga el descenso de los delitos,\ntal como se estableci\u00f3 en el programa de Gobierno del Presidente Sebasti\u00e1n\nPi\u00f1era. <\/p>\n","protected":false},"excerpt":{"rendered":"<p>La intendenta Jenniffer Rojas se reuni\u00f3 hoy con la nueva coordinadora regional de Seguridad P\u00fablica, Pamela Flores Pinochet, instancia en que ambas dialogaron sobre las relevantes tareas y responsabilidades que&#8230; <a class=\"read-more\" href=\"https:\/\/www.radiopresidenteibanez.cl\/web\/pamela-flores-pinochet-es-la-nueva-coordinadora-regional-de-seguridad-publica\/\">Leer m\u00e1s<\/a><\/p>\n","protected":false},"author":2,"featured_media":15604,"comment_status":"closed","ping_status":"closed","sticky":false,"template":"","format":"standard","meta":{"footnotes":""},"categories":[1],"tags":[],"class_list":["post-15603","post","type-post","status-publish","format-standard","has-post-thumbnail","hentry","category-cronica"],"_links":{"self":[{"href":"https:\/\/www.radiopresidenteibanez.cl\/web\/wp-json\/wp\/v2\/posts\/15603","targetHints":{"allow":["GET"]}}],"collection":[{"href":"https:\/\/www.radiopresidenteibanez.cl\/web\/wp-json\/wp\/v2\/posts"}],"about":[{"href":"https:\/\/www.radiopresidenteibanez.cl\/web\/wp-json\/wp\/v2\/types\/post"}],"author":[{"embeddable":true,"href":"https:\/\/www.radiopresidenteibanez.cl\/web\/wp-json\/wp\/v2\/users\/2"}],"replies":[{"embeddable":true,"href":"https:\/\/www.radiopresidenteibanez.cl\/web\/wp-json\/wp\/v2\/comments?post=15603"}],"version-history":[{"count":0,"href":"https:\/\/www.radiopresidenteibanez.cl\/web\/wp-json\/wp\/v2\/posts\/15603\/revisions"}],"wp:featuredmedia":[{"embeddable":true,"href":"https:\/\/www.radiopresidenteibanez.cl\/web\/wp-json\/wp\/v2\/media\/15604"}],"wp:attachment":[{"href":"https:\/\/www.radiopresidenteibanez.cl\/web\/wp-json\/wp\/v2\/media?parent=15603"}],"wp:term":[{"taxonomy":"category","embeddable":true,"href":"https:\/\/www.radiopresidenteibanez.cl\/web\/wp-json\/wp\/v2\/categories?post=15603"},{"taxonomy":"post_tag","embeddable":true,"href":"https:\/\/www.radiopresidenteibanez.cl\/web\/wp-json\/wp\/v2\/tags?post=15603"}],"curies":[{"name":"wp","href":"https:\/\/api.w.org\/{rel}","templated":true}]}}