{"id":15601,"date":"2020-11-02T15:50:55","date_gmt":"2020-11-02T15:50:55","guid":{"rendered":"https:\/\/www.radiopresidenteibanez.cl\/web\/?p=15601"},"modified":"2020-11-02T15:50:59","modified_gmt":"2020-11-02T15:50:59","slug":"la-region-que-queremos-por-ernesto-sepulveda-tornero","status":"publish","type":"post","link":"https:\/\/www.radiopresidenteibanez.cl\/web\/la-region-que-queremos-por-ernesto-sepulveda-tornero\/","title":{"rendered":"LA REGI\u00d3N QUE QUEREMOS por Ernesto Sep\u00falveda Tornero"},"content":{"rendered":"\n<p>En Magallanes, y en todas las\nregiones del pa\u00eds, se realizar\u00e1n el domingo 29 de noviembre, las elecciones\nprimarias para gobernador regional.&nbsp; La\npropia ciudadan\u00eda, podr\u00e1 decidir con su voto, el candidato que la representar\u00e1\nen las elecciones del 11 de abril de 2021. <\/p>\n\n\n\n<p>&nbsp;&nbsp;&nbsp;&nbsp;&nbsp;&nbsp;&nbsp;&nbsp;&nbsp;&nbsp;&nbsp;&nbsp;&nbsp;&nbsp;&nbsp;&nbsp;&nbsp;&nbsp;&nbsp;&nbsp;&nbsp;&nbsp;&nbsp;&nbsp;&nbsp;&nbsp;&nbsp;&nbsp;&nbsp;&nbsp;&nbsp;&nbsp;&nbsp;&nbsp;&nbsp;&nbsp;&nbsp;&nbsp;&nbsp;&nbsp;&nbsp;&nbsp;&nbsp;&nbsp;&nbsp;&nbsp;&nbsp;&nbsp;&nbsp;&nbsp;&nbsp;&nbsp;&nbsp;&nbsp;&nbsp;&nbsp;&nbsp;&nbsp;&nbsp;&nbsp;&nbsp;&nbsp; &nbsp;Podremos por primera vez, elegir nosotros en\nlas urnas a quien conducir\u00e1 y liderar\u00e1, un proyecto de desarrollo para\nMagallanes. &nbsp;&nbsp;&nbsp;&nbsp;&nbsp;&nbsp;&nbsp;&nbsp;&nbsp;&nbsp;&nbsp;&nbsp; No tenemos\nexcusas, debemos acudir al llamado. Es la oportunidad de poner al mejor de los\nnuestros al frente de la regi\u00f3n. Es una tarea demasiado importante para\nimprovisar. Tenemos un liderazgo probado, con capacidad de gesti\u00f3n y coraje\npara enfrentar el centralismo. El a\u00f1o 2014, nos invit\u00f3 a so\u00f1ar la REGI\u00d3N QUE\nQUEREMOS, y dedic\u00f3 los siguientes 4 a\u00f1os, a concretar en un Plan de zonas\nextremas, las aspiraciones de una regi\u00f3n completa.<\/p>\n\n\n\n<p>&nbsp;&nbsp;&nbsp;&nbsp;&nbsp;&nbsp;&nbsp;&nbsp;&nbsp;&nbsp;&nbsp;&nbsp;&nbsp;&nbsp;&nbsp;&nbsp;&nbsp;&nbsp;&nbsp;&nbsp;&nbsp;&nbsp;&nbsp;&nbsp;&nbsp;&nbsp;&nbsp;&nbsp;&nbsp;&nbsp;&nbsp;&nbsp;&nbsp;&nbsp;&nbsp;&nbsp;&nbsp;&nbsp;&nbsp;&nbsp;&nbsp;&nbsp;&nbsp;&nbsp;&nbsp;&nbsp; El\ndesaf\u00edo que tenemos por delante, es ahora mayor, recuperar la actividad\necon\u00f3mica y productiva, recuperar la capacidad de generar empleos, y hacer todo\neso, guardando las m\u00e1ximas medidas de prevenci\u00f3n sanitaria. Necesitamos\nrecuperar la confianza en las instituciones, y definir como lo hicimos el 2014,\njunto a la comunidad,&nbsp; los lineamientos\nde nuestra estrategia de desarrollo.<\/p>\n\n\n\n<p>&nbsp;&nbsp;&nbsp;&nbsp;&nbsp;&nbsp;&nbsp;&nbsp;&nbsp;&nbsp;&nbsp;&nbsp;&nbsp;&nbsp;&nbsp;&nbsp;&nbsp;&nbsp;&nbsp;&nbsp;&nbsp;&nbsp;&nbsp;&nbsp;&nbsp;&nbsp;&nbsp;&nbsp;&nbsp;&nbsp;&nbsp;&nbsp;&nbsp;&nbsp;&nbsp;&nbsp;&nbsp;&nbsp;&nbsp;&nbsp;&nbsp;&nbsp;&nbsp;&nbsp;&nbsp;&nbsp; Son\ncientos los dirigentes vecinales, gremiales, deportivos, de adultos mayores,\nque se han sumado a esta convocatoria. <\/p>\n\n\n\n<p>&nbsp;&nbsp;&nbsp;&nbsp;&nbsp;&nbsp;&nbsp;&nbsp;&nbsp;&nbsp;&nbsp;&nbsp;&nbsp;&nbsp;&nbsp;&nbsp;&nbsp;&nbsp;&nbsp;&nbsp;&nbsp;&nbsp;&nbsp;&nbsp;&nbsp;&nbsp;&nbsp;&nbsp;&nbsp;&nbsp;&nbsp;&nbsp;&nbsp;&nbsp;&nbsp;&nbsp;&nbsp;&nbsp;&nbsp;&nbsp;&nbsp;&nbsp;&nbsp;&nbsp;&nbsp;&nbsp; En\nestos tiempos, m\u00e1s que nunca, hemos tenido presente, la fragilidad de la vida.\nTambi\u00e9n hemos podido palpar en carne propia, como se ha hecho patente, con\nfuerza, el apoyo de la familia, los amigos, la comunidad, el empleador. Es una\nrealidad que nos muestra que el \u201cs\u00e1lvense quien pueda\u201d, no es opci\u00f3n, cuando\nqueremos que se salven tambi\u00e9n los dem\u00e1s. Estamos ante un desaf\u00edo crucial en\nMagallanes, decidir sobre la regi\u00f3n donde queremos vivir. De la decisi\u00f3n que\ncada uno tome, depender\u00e1 el \u00e9xito de todos nosotros. Nunca antes en nuestra\nhistoria hemos tenido como comunidad, la posibilidad de incidir de esta forma,\nen el curso que tomar\u00e1 la regi\u00f3n.<\/p>\n\n\n\n<p>&nbsp;&nbsp;&nbsp;&nbsp;&nbsp;&nbsp;&nbsp;&nbsp;&nbsp;&nbsp;&nbsp;&nbsp;&nbsp;&nbsp;&nbsp;&nbsp;&nbsp;&nbsp;&nbsp;&nbsp;&nbsp;&nbsp;&nbsp;&nbsp;&nbsp;&nbsp;&nbsp;&nbsp;&nbsp;&nbsp;&nbsp;&nbsp;&nbsp;&nbsp; &nbsp;&nbsp;&nbsp;&nbsp;&nbsp;&nbsp;&nbsp;&nbsp;&nbsp;Con un liderazgo convocante y\ntransversal, podemos recuperar la convivencia, sana y pac\u00edfica, que caracteriz\u00f3\npor d\u00e9cadas la vida en Magallanes. Podemos fortalecer nuestros lazos sociales y\ncomunitarios, mejorando nuestra calidad de vida. <\/p>\n\n\n\n<p>&nbsp;&nbsp;&nbsp;&nbsp;&nbsp;&nbsp; &nbsp;&nbsp;&nbsp;&nbsp;&nbsp;&nbsp;&nbsp;&nbsp;&nbsp;&nbsp;&nbsp;&nbsp;&nbsp;&nbsp;&nbsp;&nbsp;&nbsp;&nbsp;&nbsp;&nbsp;&nbsp;&nbsp;&nbsp;&nbsp;&nbsp;&nbsp;&nbsp;&nbsp;&nbsp;&nbsp;&nbsp;&nbsp;&nbsp;&nbsp;&nbsp;&nbsp;&nbsp;&nbsp;Pero a la\npar con ese esfuerzo, y tal como consta a los habitantes de Magallanes, vamos a\ncontinuar con los grandes proyectos de inversi\u00f3n en ciencia y tecnolog\u00eda, en\nconectividad, en energ\u00eda, en vivienda.&nbsp;\nEstamos convencidos, que desde la zona extrema, podemos alcanzar el\ndesarrollo. Si trabajamos todos juntos, dirigentes sociales, trabajadores,\nestudiantes, empresarios, nuestros vecinos de Magallanes, que nos han visto en\nsus barrios y poblaciones. <\/p>\n\n\n\n<p>&nbsp;&nbsp;&nbsp;&nbsp;&nbsp;&nbsp;&nbsp;&nbsp;&nbsp;&nbsp;&nbsp;&nbsp;&nbsp;&nbsp;&nbsp;&nbsp;&nbsp;&nbsp;&nbsp;&nbsp;&nbsp;&nbsp;&nbsp;&nbsp;&nbsp;&nbsp;&nbsp;&nbsp;&nbsp;&nbsp;&nbsp;&nbsp;&nbsp;&nbsp;&nbsp;&nbsp;&nbsp;&nbsp;&nbsp;&nbsp;&nbsp;&nbsp;&nbsp;&nbsp;&nbsp;&nbsp; &nbsp; Estamos todos convocados, el doctor Jorge\nFl\u00edes viene de vuelta, acompa\u00f1\u00e9moslo votando el 29 de noviembre, en las\nprimarias para Gobernador regional. Para construir todos juntos LA REGION QUE\nQUEREMOS.<\/p>\n\n\n\n<p>Ernesto Sep\u00falveda Tornero<\/p>\n","protected":false},"excerpt":{"rendered":"<p>En Magallanes, y en todas las regiones del pa\u00eds, se realizar\u00e1n el domingo 29 de noviembre, las elecciones primarias para gobernador regional.&nbsp; La propia ciudadan\u00eda, podr\u00e1 decidir con su voto,&#8230; <a class=\"read-more\" href=\"https:\/\/www.radiopresidenteibanez.cl\/web\/la-region-que-queremos-por-ernesto-sepulveda-tornero\/\">Leer m\u00e1s<\/a><\/p>\n","protected":false},"author":2,"featured_media":2310,"comment_status":"closed","ping_status":"closed","sticky":false,"template":"","format":"standard","meta":{"footnotes":""},"categories":[1],"tags":[],"class_list":["post-15601","post","type-post","status-publish","format-standard","has-post-thumbnail","hentry","category-cronica"],"_links":{"self":[{"href":"https:\/\/www.radiopresidenteibanez.cl\/web\/wp-json\/wp\/v2\/posts\/15601","targetHints":{"allow":["GET"]}}],"collection":[{"href":"https:\/\/www.radiopresidenteibanez.cl\/web\/wp-json\/wp\/v2\/posts"}],"about":[{"href":"https:\/\/www.radiopresidenteibanez.cl\/web\/wp-json\/wp\/v2\/types\/post"}],"author":[{"embeddable":true,"href":"https:\/\/www.radiopresidenteibanez.cl\/web\/wp-json\/wp\/v2\/users\/2"}],"replies":[{"embeddable":true,"href":"https:\/\/www.radiopresidenteibanez.cl\/web\/wp-json\/wp\/v2\/comments?post=15601"}],"version-history":[{"count":0,"href":"https:\/\/www.radiopresidenteibanez.cl\/web\/wp-json\/wp\/v2\/posts\/15601\/revisions"}],"wp:featuredmedia":[{"embeddable":true,"href":"https:\/\/www.radiopresidenteibanez.cl\/web\/wp-json\/wp\/v2\/media\/2310"}],"wp:attachment":[{"href":"https:\/\/www.radiopresidenteibanez.cl\/web\/wp-json\/wp\/v2\/media?parent=15601"}],"wp:term":[{"taxonomy":"category","embeddable":true,"href":"https:\/\/www.radiopresidenteibanez.cl\/web\/wp-json\/wp\/v2\/categories?post=15601"},{"taxonomy":"post_tag","embeddable":true,"href":"https:\/\/www.radiopresidenteibanez.cl\/web\/wp-json\/wp\/v2\/tags?post=15601"}],"curies":[{"name":"wp","href":"https:\/\/api.w.org\/{rel}","templated":true}]}}