{"id":15595,"date":"2020-11-01T22:20:29","date_gmt":"2020-11-01T22:20:29","guid":{"rendered":"https:\/\/www.radiopresidenteibanez.cl\/web\/?p=15595"},"modified":"2020-11-01T22:20:34","modified_gmt":"2020-11-01T22:20:34","slug":"gasco-magallanes-realizo-donacion-a-hogar-de-menores","status":"publish","type":"post","link":"https:\/\/www.radiopresidenteibanez.cl\/web\/gasco-magallanes-realizo-donacion-a-hogar-de-menores\/","title":{"rendered":"GASCO MAGALLANES REALIZ\u00d3 DONACI\u00d3N A HOGAR DE MENORES"},"content":{"rendered":"\n<p>Una veintena de kits con art\u00edculos escolares y de entretenci\u00f3n don\u00f3 Gasco Magallanes al hogar de lactantes Ignacio Sibillo de Punta Arenas.<\/p>\n\n\n\n<p>Con el prop\u00f3sito de respaldar la labor que realiza dicha instituci\u00f3n, que cobija a 18 ni\u00f1os de hasta seis a\u00f1os, la empresa distribuidora de gas natural, hizo entrega de 20 kits en beneficio de los menores.<\/p>\n\n\n\n<p>Los ni\u00f1os recibieron insumos de librer\u00eda, juegos did\u00e1cticos y disfraces con el fin de hacer m\u00e1s llevadero el confinamiento obligatorio producto de la actual crisis sanitaria.<\/p>\n","protected":false},"excerpt":{"rendered":"<p>Una veintena de kits con art\u00edculos escolares y de entretenci\u00f3n don\u00f3 Gasco Magallanes al hogar de lactantes Ignacio Sibillo de Punta Arenas. Con el prop\u00f3sito de respaldar la labor que&#8230; <a class=\"read-more\" href=\"https:\/\/www.radiopresidenteibanez.cl\/web\/gasco-magallanes-realizo-donacion-a-hogar-de-menores\/\">Leer m\u00e1s<\/a><\/p>\n","protected":false},"author":2,"featured_media":15596,"comment_status":"closed","ping_status":"closed","sticky":false,"template":"","format":"standard","meta":{"footnotes":""},"categories":[1],"tags":[],"class_list":["post-15595","post","type-post","status-publish","format-standard","has-post-thumbnail","hentry","category-cronica"],"_links":{"self":[{"href":"https:\/\/www.radiopresidenteibanez.cl\/web\/wp-json\/wp\/v2\/posts\/15595","targetHints":{"allow":["GET"]}}],"collection":[{"href":"https:\/\/www.radiopresidenteibanez.cl\/web\/wp-json\/wp\/v2\/posts"}],"about":[{"href":"https:\/\/www.radiopresidenteibanez.cl\/web\/wp-json\/wp\/v2\/types\/post"}],"author":[{"embeddable":true,"href":"https:\/\/www.radiopresidenteibanez.cl\/web\/wp-json\/wp\/v2\/users\/2"}],"replies":[{"embeddable":true,"href":"https:\/\/www.radiopresidenteibanez.cl\/web\/wp-json\/wp\/v2\/comments?post=15595"}],"version-history":[{"count":0,"href":"https:\/\/www.radiopresidenteibanez.cl\/web\/wp-json\/wp\/v2\/posts\/15595\/revisions"}],"wp:featuredmedia":[{"embeddable":true,"href":"https:\/\/www.radiopresidenteibanez.cl\/web\/wp-json\/wp\/v2\/media\/15596"}],"wp:attachment":[{"href":"https:\/\/www.radiopresidenteibanez.cl\/web\/wp-json\/wp\/v2\/media?parent=15595"}],"wp:term":[{"taxonomy":"category","embeddable":true,"href":"https:\/\/www.radiopresidenteibanez.cl\/web\/wp-json\/wp\/v2\/categories?post=15595"},{"taxonomy":"post_tag","embeddable":true,"href":"https:\/\/www.radiopresidenteibanez.cl\/web\/wp-json\/wp\/v2\/tags?post=15595"}],"curies":[{"name":"wp","href":"https:\/\/api.w.org\/{rel}","templated":true}]}}