{"id":15589,"date":"2020-11-02T03:50:45","date_gmt":"2020-11-02T03:50:45","guid":{"rendered":"https:\/\/www.radiopresidenteibanez.cl\/web\/?p=15589"},"modified":"2020-11-01T21:39:03","modified_gmt":"2020-11-01T21:39:03","slug":"municipio-realizara-examenes-pcr-a-los-vocales-de-mesa-que-participaron-del-plebiscito","status":"publish","type":"post","link":"https:\/\/www.radiopresidenteibanez.cl\/web\/municipio-realizara-examenes-pcr-a-los-vocales-de-mesa-que-participaron-del-plebiscito\/","title":{"rendered":"MUNICIPIO REALIZAR\u00c1 EX\u00c1MENES PCR A LOS VOCALES DE MESA QUE PARTICIPARON DEL PLEBISCITO"},"content":{"rendered":"\n<p>El alcalde de Punta Arenas, Claudio Radonich Jim\u00e9nez, anunci\u00f3 la realizaci\u00f3n de ex\u00e1menes PCR de salida, a las personas que fueron vocales de mesa en el plebiscito desarrollado el pasado domingo 25 de octubre, iniciativa que se concretar\u00e1 los d\u00edas martes 3 y mi\u00e9rcoles 4 de noviembre entre las 9 y 13 horas en el gimnasio de la Escuela Portugal de nuestra ciudad.<\/p>\n\n\n\n<p>El proceso, tal cual se hizo previo a las elecciones, ser\u00e1 gratuito, voluntario y preventivo, y estar\u00e1 a cargo del \u00c1rea de SALUD Municipal y bajo el alero de la secretar\u00eda regional del mismo ramo.<\/p>\n\n\n\n<p>\u201cHemos dividido a los vocales seg\u00fan la letra del primer apellido, con el fin de evitar aglomeraciones y mantener un orden m\u00ednimo para la realizaci\u00f3n de los ex\u00e1menes PCR\u201d, explic\u00f3 el alcalde Claudio Radonich, quien agreg\u00f3 que \u201cser\u00e1 s\u00f3lo para quienes efectivamente, fueron vocales el d\u00eda de la votaci\u00f3n\u201d.<\/p>\n\n\n\n<p>El d\u00eda martes 3 de noviembre entre las 9 y 13 horas, corresponder\u00e1 el turno a las personas que tengan apellido entre las letras A y G, mientras que el mi\u00e9rcoles 4 de noviembre en el mismo horario, se concretar\u00e1n las muestras a las personas cuyos apellidos sean entre las letras H y Z.<\/p>\n\n\n\n<p>De esta manera, el Radonich reiter\u00f3 que \u201ces importante que las personas que lleguen hasta la Escuela Portugal, lo hagan sin acompa\u00f1antes y con su c\u00e9dula de identidad\u201d.<\/p>\n\n\n\n<p>Finalmente, el jefe comunal agreg\u00f3 que \u201ccomo Municipalidad, hemos tratado de colaborar con todo lo que podemos, con el fin de garantizar las medidas sanitarias previas al proceso electoral y ahora posterior al mismo, con el fin de mantener los protocolos correspondientes, invirtiendo m\u00e1s de 50 millones de pesos, sumando ahora la toma de PCR de entrada y salida voluntarios y gratuitos\u201d.<\/p>\n","protected":false},"excerpt":{"rendered":"<p>El alcalde de Punta Arenas, Claudio Radonich Jim\u00e9nez, anunci\u00f3 la realizaci\u00f3n de ex\u00e1menes PCR de salida, a las personas que fueron vocales de mesa en el plebiscito desarrollado el pasado&#8230; <a class=\"read-more\" href=\"https:\/\/www.radiopresidenteibanez.cl\/web\/municipio-realizara-examenes-pcr-a-los-vocales-de-mesa-que-participaron-del-plebiscito\/\">Leer m\u00e1s<\/a><\/p>\n","protected":false},"author":2,"featured_media":15590,"comment_status":"closed","ping_status":"closed","sticky":false,"template":"","format":"standard","meta":{"footnotes":""},"categories":[1],"tags":[],"class_list":["post-15589","post","type-post","status-publish","format-standard","has-post-thumbnail","hentry","category-cronica"],"_links":{"self":[{"href":"https:\/\/www.radiopresidenteibanez.cl\/web\/wp-json\/wp\/v2\/posts\/15589","targetHints":{"allow":["GET"]}}],"collection":[{"href":"https:\/\/www.radiopresidenteibanez.cl\/web\/wp-json\/wp\/v2\/posts"}],"about":[{"href":"https:\/\/www.radiopresidenteibanez.cl\/web\/wp-json\/wp\/v2\/types\/post"}],"author":[{"embeddable":true,"href":"https:\/\/www.radiopresidenteibanez.cl\/web\/wp-json\/wp\/v2\/users\/2"}],"replies":[{"embeddable":true,"href":"https:\/\/www.radiopresidenteibanez.cl\/web\/wp-json\/wp\/v2\/comments?post=15589"}],"version-history":[{"count":0,"href":"https:\/\/www.radiopresidenteibanez.cl\/web\/wp-json\/wp\/v2\/posts\/15589\/revisions"}],"wp:featuredmedia":[{"embeddable":true,"href":"https:\/\/www.radiopresidenteibanez.cl\/web\/wp-json\/wp\/v2\/media\/15590"}],"wp:attachment":[{"href":"https:\/\/www.radiopresidenteibanez.cl\/web\/wp-json\/wp\/v2\/media?parent=15589"}],"wp:term":[{"taxonomy":"category","embeddable":true,"href":"https:\/\/www.radiopresidenteibanez.cl\/web\/wp-json\/wp\/v2\/categories?post=15589"},{"taxonomy":"post_tag","embeddable":true,"href":"https:\/\/www.radiopresidenteibanez.cl\/web\/wp-json\/wp\/v2\/tags?post=15589"}],"curies":[{"name":"wp","href":"https:\/\/api.w.org\/{rel}","templated":true}]}}