{"id":15586,"date":"2020-11-02T03:43:10","date_gmt":"2020-11-02T03:43:10","guid":{"rendered":"https:\/\/www.radiopresidenteibanez.cl\/web\/?p=15586"},"modified":"2020-11-01T21:37:27","modified_gmt":"2020-11-01T21:37:27","slug":"proyecto-municipal-permitira-iluminar-13-kilometros-de-la-ciudad","status":"publish","type":"post","link":"https:\/\/www.radiopresidenteibanez.cl\/web\/proyecto-municipal-permitira-iluminar-13-kilometros-de-la-ciudad\/","title":{"rendered":"PROYECTO MUNICIPAL PERMITIR\u00c1 ILUMINAR 13 KIL\u00d3METROS DE LA CIUDAD"},"content":{"rendered":"\n<p>En la \u00faltima sesi\u00f3n ordinaria de Concejo Municipal de Punta Arenas, se adjudic\u00f3 el Proyecto de Construcci\u00f3n de Alumbrado P\u00fablico Peatonal para 13 kil\u00f3metros, lo que abarca 120 cuadras en diversos barrios y sectores de la comuna, los que comenzar\u00e1n a ejecutarse durante el mes de diciembre de este a\u00f1o.<\/p>\n\n\n\n<p>En ese sentido, el alcalde de la comuna, Claudio Radonich expres\u00f3 que \u201cen total, son 120 cuadras las que se intervendr\u00e1n gracias a este Proyecto Municipal de Iluminaci\u00f3n, y esperamos comenzar las obras en el mes de diciembre de este a\u00f1o y entregarlas durante el primer trimestre del 2021\u201d.<\/p>\n\n\n\n<p>El Proyecto, que busca iluminar 13 kil\u00f3metros de nuestra ciudad, incorpora luz peatonal en distintos sectores de la comuna, como Arturo Prat, Zenteno, Hornillas, Ovejero, Gral. Salvo Gral. Del canto, que se suma a los 2 kil\u00f3metros que est\u00e1n pr\u00f3ximos a entregar en Eusebio Lillo con Ram\u00f3n Carnicer.<\/p>\n\n\n\n<p>\u201cLo hemos dicho. Una ciudad m\u00e1s iluminada es una ciudad m\u00e1s segura, por tanto, quiero agradecer al Gobierno y SUBDERE que nos han entregado mil millones de pesos, para que este proyecto hoy est\u00e9 adjudicado\u201d, resalt\u00f3 Radonich.<\/p>\n\n\n\n<p>La inversi\u00f3n incorporada en la iniciativa alcanza los 917 millones de pesos, y concretar\u00e1 la Construcci\u00f3n de Alumbrado P\u00fablico Peatonal, en las calles Arturo Prat, Zenteno, Ovejero, Hornillas, Jorge Alessandri, Ram\u00f3n Freire, General del Canto y General Salvo.<\/p>\n","protected":false},"excerpt":{"rendered":"<p>En la \u00faltima sesi\u00f3n ordinaria de Concejo Municipal de Punta Arenas, se adjudic\u00f3 el Proyecto de Construcci\u00f3n de Alumbrado P\u00fablico Peatonal para 13 kil\u00f3metros, lo que abarca 120 cuadras en&#8230; <a class=\"read-more\" href=\"https:\/\/www.radiopresidenteibanez.cl\/web\/proyecto-municipal-permitira-iluminar-13-kilometros-de-la-ciudad\/\">Leer m\u00e1s<\/a><\/p>\n","protected":false},"author":2,"featured_media":15587,"comment_status":"closed","ping_status":"closed","sticky":false,"template":"","format":"standard","meta":{"footnotes":""},"categories":[1],"tags":[],"class_list":["post-15586","post","type-post","status-publish","format-standard","has-post-thumbnail","hentry","category-cronica"],"_links":{"self":[{"href":"https:\/\/www.radiopresidenteibanez.cl\/web\/wp-json\/wp\/v2\/posts\/15586","targetHints":{"allow":["GET"]}}],"collection":[{"href":"https:\/\/www.radiopresidenteibanez.cl\/web\/wp-json\/wp\/v2\/posts"}],"about":[{"href":"https:\/\/www.radiopresidenteibanez.cl\/web\/wp-json\/wp\/v2\/types\/post"}],"author":[{"embeddable":true,"href":"https:\/\/www.radiopresidenteibanez.cl\/web\/wp-json\/wp\/v2\/users\/2"}],"replies":[{"embeddable":true,"href":"https:\/\/www.radiopresidenteibanez.cl\/web\/wp-json\/wp\/v2\/comments?post=15586"}],"version-history":[{"count":0,"href":"https:\/\/www.radiopresidenteibanez.cl\/web\/wp-json\/wp\/v2\/posts\/15586\/revisions"}],"wp:featuredmedia":[{"embeddable":true,"href":"https:\/\/www.radiopresidenteibanez.cl\/web\/wp-json\/wp\/v2\/media\/15587"}],"wp:attachment":[{"href":"https:\/\/www.radiopresidenteibanez.cl\/web\/wp-json\/wp\/v2\/media?parent=15586"}],"wp:term":[{"taxonomy":"category","embeddable":true,"href":"https:\/\/www.radiopresidenteibanez.cl\/web\/wp-json\/wp\/v2\/categories?post=15586"},{"taxonomy":"post_tag","embeddable":true,"href":"https:\/\/www.radiopresidenteibanez.cl\/web\/wp-json\/wp\/v2\/tags?post=15586"}],"curies":[{"name":"wp","href":"https:\/\/api.w.org\/{rel}","templated":true}]}}