{"id":15583,"date":"2020-11-02T03:31:47","date_gmt":"2020-11-02T03:31:47","guid":{"rendered":"https:\/\/www.radiopresidenteibanez.cl\/web\/?p=15583"},"modified":"2020-11-01T21:35:36","modified_gmt":"2020-11-01T21:35:36","slug":"alcalde-radonich-solicito-subsidios-habitacionales-para-484-familias-de-punta-arenas-que-son-parte-de-la-ep-municipal","status":"publish","type":"post","link":"https:\/\/www.radiopresidenteibanez.cl\/web\/alcalde-radonich-solicito-subsidios-habitacionales-para-484-familias-de-punta-arenas-que-son-parte-de-la-ep-municipal\/","title":{"rendered":"ALCALDE RADONICH SOLICIT\u00d3 SUBSIDIOS HABITACIONALES PARA 484 FAMILIAS DE PUNTA ARENAS QUE SON PARTE DE LA EP MUNICIPAL"},"content":{"rendered":"\n<p>El pasado jueves, el alcalde Claudio Radonich sostuvo una reuni\u00f3n con los dirigentes de las agrupaciones de vivienda que hoy est\u00e1n a la espera de financiamiento de sus proyectos, los que tambi\u00e9n deben ir acompa\u00f1ados de los subsidios correspondientes, inquietud que fue recibida por el ministro Felipe Ward, quien se sum\u00f3 a la video conferencia para conocer y conversar con las representantes.<\/p>\n\n\n\n<p>En ese sentido, Ward se comprometi\u00f3 a revisar la situaci\u00f3n y ver las alternativas para ir avanzando, frente a lo cual Radonich agradeci\u00f3 la constante preocupaci\u00f3n del Ministro y explic\u00f3 que \u201ccomo Municipalidad estamos muy contentos, ya que desde hace 3 a\u00f1os estamos trabajando con 20 grupos de vecinos que est\u00e1n esperando poder obtener su casa propia a trav\u00e9s de nuestra Entidad Patrocinante, la cual pudimos rearmar luego de a\u00f1os y que hoy es todo un \u00e9xito\u201d.<\/p>\n\n\n\n<p>Asimismo, la autoridad comunal, dijo que \u201ces importante recordar que el primer grupo con el que comenzamos a trabajar ya recibi\u00f3 sus viviendas, en lo que denominamos Las Flores en R\u00edo Seco. El segundo est\u00e1 en proceso de construcci\u00f3n, el cual considera 5 grupos que corresponde a 500 nuevas casas, y ahora estamos en la tercera etapa, que incluye a 4 grupos, incorporando a 484 familias, raz\u00f3n por la cual hemos solicitado al Ministro Felipe Ward, con quien conversamos por videoconferencia, que nos pueda entregar los subsidios para estos proyectos municipales, los que han contado con todo el apoyo del Serviu Regional\u201d.<\/p>\n\n\n\n<p>Finalmente, reiter\u00f3 que \u201cesto ha sido un trabajo arduo y constante pese a todo, y esperamos continuar de la misma forma para consolidar todo el esfuerzo realizado de manera conjunta entre las familias, el Municipio y el Servicio de Vivienda y Urbanismo local\u201d.<\/p>\n\n\n\n<p>La Entidad Patrocinante Municipal, trabaja con agrupaciones que acceden a subsidios DS49 desde el a\u00f1o 2018, lo cual corresponde a postulaciones conjuntas y NO individuales. Frente a dudas o consultas puedes escribir al correo&nbsp;<a href=\"mailto:entidadpatrocinante@e-puntaarenas.cl\">entidadpatrocinante@e-puntaarenas.cl<\/a><\/p>\n","protected":false},"excerpt":{"rendered":"<p>El pasado jueves, el alcalde Claudio Radonich sostuvo una reuni\u00f3n con los dirigentes de las agrupaciones de vivienda que hoy est\u00e1n a la espera de financiamiento de sus proyectos, los&#8230; <a class=\"read-more\" href=\"https:\/\/www.radiopresidenteibanez.cl\/web\/alcalde-radonich-solicito-subsidios-habitacionales-para-484-familias-de-punta-arenas-que-son-parte-de-la-ep-municipal\/\">Leer m\u00e1s<\/a><\/p>\n","protected":false},"author":2,"featured_media":15584,"comment_status":"closed","ping_status":"closed","sticky":false,"template":"","format":"standard","meta":{"footnotes":""},"categories":[1],"tags":[],"class_list":["post-15583","post","type-post","status-publish","format-standard","has-post-thumbnail","hentry","category-cronica"],"_links":{"self":[{"href":"https:\/\/www.radiopresidenteibanez.cl\/web\/wp-json\/wp\/v2\/posts\/15583","targetHints":{"allow":["GET"]}}],"collection":[{"href":"https:\/\/www.radiopresidenteibanez.cl\/web\/wp-json\/wp\/v2\/posts"}],"about":[{"href":"https:\/\/www.radiopresidenteibanez.cl\/web\/wp-json\/wp\/v2\/types\/post"}],"author":[{"embeddable":true,"href":"https:\/\/www.radiopresidenteibanez.cl\/web\/wp-json\/wp\/v2\/users\/2"}],"replies":[{"embeddable":true,"href":"https:\/\/www.radiopresidenteibanez.cl\/web\/wp-json\/wp\/v2\/comments?post=15583"}],"version-history":[{"count":0,"href":"https:\/\/www.radiopresidenteibanez.cl\/web\/wp-json\/wp\/v2\/posts\/15583\/revisions"}],"wp:featuredmedia":[{"embeddable":true,"href":"https:\/\/www.radiopresidenteibanez.cl\/web\/wp-json\/wp\/v2\/media\/15584"}],"wp:attachment":[{"href":"https:\/\/www.radiopresidenteibanez.cl\/web\/wp-json\/wp\/v2\/media?parent=15583"}],"wp:term":[{"taxonomy":"category","embeddable":true,"href":"https:\/\/www.radiopresidenteibanez.cl\/web\/wp-json\/wp\/v2\/categories?post=15583"},{"taxonomy":"post_tag","embeddable":true,"href":"https:\/\/www.radiopresidenteibanez.cl\/web\/wp-json\/wp\/v2\/tags?post=15583"}],"curies":[{"name":"wp","href":"https:\/\/api.w.org\/{rel}","templated":true}]}}