{"id":15566,"date":"2020-10-31T19:10:00","date_gmt":"2020-10-31T19:10:00","guid":{"rendered":"https:\/\/www.radiopresidenteibanez.cl\/web\/?p=15566"},"modified":"2020-10-31T19:10:06","modified_gmt":"2020-10-31T19:10:06","slug":"cchc-punta-arenas-se-reunio-con-carolina-goic-para-analizar-formulas-de-reactivacion-economica","status":"publish","type":"post","link":"https:\/\/www.radiopresidenteibanez.cl\/web\/cchc-punta-arenas-se-reunio-con-carolina-goic-para-analizar-formulas-de-reactivacion-economica\/","title":{"rendered":"CCHC PUNTA ARENAS SE REUNI\u00d3 CON CAROLINA GOIC PARA ANALIZAR F\u00d3RMULAS DE REACTIVACI\u00d3N ECON\u00d3MICA"},"content":{"rendered":"\n<p>La C\u00e1mara Chilena de la Construcci\u00f3n, sede Punta Arenas, se reuni\u00f3 con la senadora Carolina&nbsp;Goic&nbsp;para analizar la situaci\u00f3n actual y plantear la necesidad de reactivaci\u00f3n econ\u00f3mica en Magallanes.<\/p>\n\n\n\n<p>En el inicio, la CChC Punta Arenas present\u00f3 su nueva Mesa Directiva Regional a la senadora&nbsp;Goic. El presidente de la CChC Punta Arenas, Carlos Braun, encabez\u00f3 el momento protocolar que se realiz\u00f3 v\u00eda online.<\/p>\n\n\n\n<p>Luego, la reuni\u00f3n se enfoc\u00f3 en la dif\u00edcil situaci\u00f3n del sector de la construcci\u00f3n durante la pandemia y la importancia de aunar fuerzas para la reactivaci\u00f3n econ\u00f3mica en Magallanes.<\/p>\n\n\n\n<p>\u201cComo gremio estamos bastante preocupados de c\u00f3mo se ha realizado el manejo de la pandemia en la regi\u00f3n. La construcci\u00f3n es una industria segura, estamos comprometidos y conscientes con el bienestar de nuestros trabajadores y por eso dise\u00f1amos, a nivel nacional como C\u00e1mara, un Protocolo Sanitario en obras que ha dado muy buenos resultados. En un inicio s\u00f3lo se nos autoriz\u00f3 trabajar con las obras p\u00fablicas, perjudicando las privadas que siguen el mismo protocolo\u201d, plante\u00f3 Carlos Braun, presidente de CChC Punta Arenas.<\/p>\n\n\n\n<p>Frente a esa problem\u00e1tica, la senadora Carolina&nbsp;Goic, manifest\u00f3 que \u201cno podemos vivir encerrados cuando esto se extiende m\u00e1s all\u00e1 de lo planificado inicialmente. Al principio todos pens\u00e1bamos que iban a ser tres meses, pero la realidad nos ha ense\u00f1ado lo contrario. Tenemos que aprender a convivir con el COVID-19, no podemos seguir teniendo paralizada la actividad productiva porque esto seguir\u00e1 durante el pr\u00f3ximo a\u00f1o probablemente. Queremos que puedan funcionar las empresas que garanticen las medidas sanitarias. Es de toda l\u00f3gica. Comparto con la C\u00e1mara de que hay que ir abriendo la actividad productiva\u201d.<\/p>\n\n\n\n<p>Para reactivar la econom\u00eda regional, la CChC Punta Arenas propone el reinicio seguro de las obras de construcci\u00f3n, aplicando el estricto Protocolo Sanitario del sector e implementando el&nbsp;innovador&nbsp;m\u00e9todo&nbsp;RT-LAMP&nbsp;(amplificaci\u00f3n isot\u00e9rmica mediada por bucle), el cual consiste en aplicar una prueba de saliva a grupos de trabajadores en forma masiva y en terreno.<\/p>\n\n\n\n<p>Adem\u00e1s, se present\u00f3 durante la reuni\u00f3n la aplicaci\u00f3n digital (HAPP), la cual promete permitir realizar una efectiva trazabilidad. Cuando se informa un caso positivo para COVID-19, la App est\u00e1 programada para enviar una notificaci\u00f3n de forma inmediata a todos los que estuvieron en contacto estrecho con la persona positiva durante los \u00faltimos 14 d\u00edas.<\/p>\n\n\n\n<p>\u201cEl testeo con saliva da super buenos resultados y es algo que desde el inicio de la pandemia ha estado en la mesa. Llama la atenci\u00f3n de por qu\u00e9 no se ha utilizado si es una prueba mucho m\u00e1s f\u00e1cil de implementar. El software, la aplicaci\u00f3n, me parece muy buena iniciativa porque es mucho m\u00e1s f\u00e1cil para las empresas hacer la trazabilidad\u201d, asegur\u00f3 la parlamentaria por Magallanes.<\/p>\n\n\n\n<p>La senadora&nbsp;Goic, quien participa de la Comisi\u00f3n de Salud, de la Comisi\u00f3n de Trabajo y Previsi\u00f3n Social, y de la Comisi\u00f3n de Desaf\u00edos del Futuro, Ciencia, Tecnolog\u00eda e Innovaci\u00f3n del Congreso Nacional, asegur\u00f3 que est\u00e1n trabajando en actualizar el Paso a Paso Laboral para solicitarle a las mutuales de seguridad que se encarguen de realizar testeos en lugares de trabajo.<br><\/p>\n","protected":false},"excerpt":{"rendered":"<p>La C\u00e1mara Chilena de la Construcci\u00f3n, sede Punta Arenas, se reuni\u00f3 con la senadora Carolina&nbsp;Goic&nbsp;para analizar la situaci\u00f3n actual y plantear la necesidad de reactivaci\u00f3n econ\u00f3mica en Magallanes. En el&#8230; <a class=\"read-more\" href=\"https:\/\/www.radiopresidenteibanez.cl\/web\/cchc-punta-arenas-se-reunio-con-carolina-goic-para-analizar-formulas-de-reactivacion-economica\/\">Leer m\u00e1s<\/a><\/p>\n","protected":false},"author":2,"featured_media":15567,"comment_status":"closed","ping_status":"closed","sticky":false,"template":"","format":"standard","meta":{"footnotes":""},"categories":[1],"tags":[],"class_list":["post-15566","post","type-post","status-publish","format-standard","has-post-thumbnail","hentry","category-cronica"],"_links":{"self":[{"href":"https:\/\/www.radiopresidenteibanez.cl\/web\/wp-json\/wp\/v2\/posts\/15566","targetHints":{"allow":["GET"]}}],"collection":[{"href":"https:\/\/www.radiopresidenteibanez.cl\/web\/wp-json\/wp\/v2\/posts"}],"about":[{"href":"https:\/\/www.radiopresidenteibanez.cl\/web\/wp-json\/wp\/v2\/types\/post"}],"author":[{"embeddable":true,"href":"https:\/\/www.radiopresidenteibanez.cl\/web\/wp-json\/wp\/v2\/users\/2"}],"replies":[{"embeddable":true,"href":"https:\/\/www.radiopresidenteibanez.cl\/web\/wp-json\/wp\/v2\/comments?post=15566"}],"version-history":[{"count":0,"href":"https:\/\/www.radiopresidenteibanez.cl\/web\/wp-json\/wp\/v2\/posts\/15566\/revisions"}],"wp:featuredmedia":[{"embeddable":true,"href":"https:\/\/www.radiopresidenteibanez.cl\/web\/wp-json\/wp\/v2\/media\/15567"}],"wp:attachment":[{"href":"https:\/\/www.radiopresidenteibanez.cl\/web\/wp-json\/wp\/v2\/media?parent=15566"}],"wp:term":[{"taxonomy":"category","embeddable":true,"href":"https:\/\/www.radiopresidenteibanez.cl\/web\/wp-json\/wp\/v2\/categories?post=15566"},{"taxonomy":"post_tag","embeddable":true,"href":"https:\/\/www.radiopresidenteibanez.cl\/web\/wp-json\/wp\/v2\/tags?post=15566"}],"curies":[{"name":"wp","href":"https:\/\/api.w.org\/{rel}","templated":true}]}}