{"id":15563,"date":"2020-10-31T19:00:12","date_gmt":"2020-10-31T19:00:12","guid":{"rendered":"https:\/\/www.radiopresidenteibanez.cl\/web\/?p=15563"},"modified":"2020-10-31T19:00:17","modified_gmt":"2020-10-31T19:00:17","slug":"contagio-de-covid-en-gatos-seria-solo-desde-personas","status":"publish","type":"post","link":"https:\/\/www.radiopresidenteibanez.cl\/web\/contagio-de-covid-en-gatos-seria-solo-desde-personas\/","title":{"rendered":"CONTAGIO DE COVID EN GATOS SER\u00cdA SOLO DESDE PERSONAS"},"content":{"rendered":"\n<p>Esta semana se public\u00f3 en diversos medios la noticia sobre la detecci\u00f3n de gatos contagiados con COVID-19 en Chile, estudio realizado por investigadores de la Universidad de Chile, donde se analizaron muestras de perros y gatos de la Regi\u00f3n Metropolitana, cuyos due\u00f1os fueron diagnosticados con COVID-19, comprobando que los gatos pueden contagiarse con el SARS-CoV-2 desde sus propietarios.<\/p>\n\n\n\n<p>Aunque no parece ser un evento com\u00fan, existe evidencia internacional que se\u00f1ala que algunos animales -incluyendo perros y gatos- podr\u00edan ser susceptibles a la infecci\u00f3n por SARS-CoV-2, por lo que la investigaci\u00f3n busc\u00f3 estudiar las infecciones de este virus en animales, especialmente en aquellos de compa\u00f1\u00eda, dada su estrecha relaci\u00f3n con las personas.<\/p>\n\n\n\n<p>El Dr. V\u00edctor Neira, acad\u00e9mico de la Universidad de Chile y miembro de la Comisi\u00f3n Una Salud del Colegio M\u00e9dico Veterinario &#8211; Colmevet, quien lidera el estudio, enfatiz\u00f3 en que \u201cno existe ninguna evidencia que indique que los gatos tengan un rol en la pandemia del Sars-CoV-2. S\u00ed se debe seguir estudiando estos casos, pero no es raz\u00f3n para generar una alarma y descuidar el bienestar de nuestras mascotas\u201d.<\/p>\n\n\n\n<p>En el mismo sentido, el Dr. Patricio Retamal, acad\u00e9mico de la Universidad de Chile y tambi\u00e9n integrante de esta Comisi\u00f3n de Colmevet se\u00f1al\u00f3 que \u201ctoda la evidencia internacional existente hasta el momento indica que la infecci\u00f3n de las personas siempre ha sido por transmisi\u00f3n desde otras personas, y que los animales siempre se han infectado desde sus due\u00f1os\u201d. Asimismo, el estudio rescata que los animales no requieren terapia espec\u00edfica en estos casos.<\/p>\n\n\n\n<p>Desde el Colegio M\u00e9dico Veterinario se realiz\u00f3 un enf\u00e1tico llamado a la comunidad a informarse v\u00eda fuentes confiables, de manera de no generar p\u00e1nico en la poblaci\u00f3n y estimular conductas inadecuadas como el abandono de animales, y contribuir de esta a la protecci\u00f3n tanto de la salud humana como de la sanidad animal en el marco de \u2018Una sola Salud\u2019.<\/p>\n","protected":false},"excerpt":{"rendered":"<p>Esta semana se public\u00f3 en diversos medios la noticia sobre la detecci\u00f3n de gatos contagiados con COVID-19 en Chile, estudio realizado por investigadores de la Universidad de Chile, donde se&#8230; <a class=\"read-more\" href=\"https:\/\/www.radiopresidenteibanez.cl\/web\/contagio-de-covid-en-gatos-seria-solo-desde-personas\/\">Leer m\u00e1s<\/a><\/p>\n","protected":false},"author":2,"featured_media":15564,"comment_status":"closed","ping_status":"closed","sticky":false,"template":"","format":"standard","meta":{"footnotes":""},"categories":[1],"tags":[],"class_list":["post-15563","post","type-post","status-publish","format-standard","has-post-thumbnail","hentry","category-cronica"],"_links":{"self":[{"href":"https:\/\/www.radiopresidenteibanez.cl\/web\/wp-json\/wp\/v2\/posts\/15563","targetHints":{"allow":["GET"]}}],"collection":[{"href":"https:\/\/www.radiopresidenteibanez.cl\/web\/wp-json\/wp\/v2\/posts"}],"about":[{"href":"https:\/\/www.radiopresidenteibanez.cl\/web\/wp-json\/wp\/v2\/types\/post"}],"author":[{"embeddable":true,"href":"https:\/\/www.radiopresidenteibanez.cl\/web\/wp-json\/wp\/v2\/users\/2"}],"replies":[{"embeddable":true,"href":"https:\/\/www.radiopresidenteibanez.cl\/web\/wp-json\/wp\/v2\/comments?post=15563"}],"version-history":[{"count":0,"href":"https:\/\/www.radiopresidenteibanez.cl\/web\/wp-json\/wp\/v2\/posts\/15563\/revisions"}],"wp:featuredmedia":[{"embeddable":true,"href":"https:\/\/www.radiopresidenteibanez.cl\/web\/wp-json\/wp\/v2\/media\/15564"}],"wp:attachment":[{"href":"https:\/\/www.radiopresidenteibanez.cl\/web\/wp-json\/wp\/v2\/media?parent=15563"}],"wp:term":[{"taxonomy":"category","embeddable":true,"href":"https:\/\/www.radiopresidenteibanez.cl\/web\/wp-json\/wp\/v2\/categories?post=15563"},{"taxonomy":"post_tag","embeddable":true,"href":"https:\/\/www.radiopresidenteibanez.cl\/web\/wp-json\/wp\/v2\/tags?post=15563"}],"curies":[{"name":"wp","href":"https:\/\/api.w.org\/{rel}","templated":true}]}}