{"id":15557,"date":"2020-10-31T18:55:36","date_gmt":"2020-10-31T18:55:36","guid":{"rendered":"https:\/\/www.radiopresidenteibanez.cl\/web\/?p=15557"},"modified":"2020-10-31T18:55:41","modified_gmt":"2020-10-31T18:55:41","slug":"100-mujeres-de-magallanes-nivelan-sus-estudios-con-fines-laborales","status":"publish","type":"post","link":"https:\/\/www.radiopresidenteibanez.cl\/web\/100-mujeres-de-magallanes-nivelan-sus-estudios-con-fines-laborales\/","title":{"rendered":"100 MUJERES DE MAGALLANES NIVELAN SUS ESTUDIOS CON FINES LABORALES"},"content":{"rendered":"\n<p>Poder concluir\nlos estudios de ense\u00f1anza media es el objetivo de muchas mujeres que, por\ndiversos motivos, no pudieron hacerlo, sin embargo, nunca es tarde para\nfinalizar esa etapa de la vida.<\/p>\n\n\n\n<p>Dedicarse a ser\nmam\u00e1 o aportar a la econom\u00eda familiar les ha impedido lograr ese sue\u00f1o, por\nello es que el programa \u201cCumpliendo un sue\u00f1o\u201d de la Fundaci\u00f3n para la\nPromoci\u00f3n y Desarrollo de la Mujer, PRODEMU, se presenta como una gran\noportunidad para contribuir a que las mujeres adultas que han desertado del\nsistema educacional finalicen esa etapa a trav\u00e9s de la nivelaci\u00f3n y validaci\u00f3n\nde estudios.<\/p>\n\n\n\n<p>Este programa\nbusca disminuir la brecha educacional que existe en nuestro pa\u00eds, especialmente\nen las mujeres, es por ello que, en tiempos de pandemia, PRODEMU realiza este\nesfuerzo, para que puedan finalizar sus estudios y as\u00ed cerrar una etapa de sus\nvidas.<\/p>\n\n\n\n<p>La directora regional\nde PRODEMU, Gabriela S\u00e1nchez Ca\u00f1ete, explic\u00f3 que existen diversas razones por\nla que las mujeres abandonan su formaci\u00f3n de ense\u00f1anza media; deberes en las\nlabores dom\u00e9sticas y de cuidado, embarazo temprano, problemas familiares,\nnecesidad de generar ingresos, entre otros. <\/p>\n\n\n\n<p>\u201cEstas situaciones\ndificultan sus posibilidades de ingresar al mercado laboral dependiente,\nacrecentando por&nbsp;la desigualdad social y la brecha de g\u00e9nero, por eso la\nvalidaci\u00f3n de estudios est\u00e1 orientada a fines laborales y a contribuir al\nproceso de empoderamiento de las mujeres\u201d, manifest\u00f3 la directora.<\/p>\n\n\n\n<p><strong>Testimonios<\/strong><\/p>\n\n\n\n<p>Mar\u00eda Luisa Fuentes\nBahamondez, trabaja como taxista, por lo que a sus 52 a\u00f1os compatibiliza su\noficio con los estudios.<\/p>\n\n\n\n<p>\u201cEn segundo medio no\npude seguir estudiando, porque ten\u00eda que trabajar para ayudar a mantener a mis\nhermanos. En PRODEMU encontr\u00e9 esta gran oportunidad para terminar mi ense\u00f1anza\nmedia, que era un sue\u00f1o que ten\u00eda por cumplir, estoy muy contenta y orgullosa\nde lo que estoy haciendo por m\u00ed, y por mis hijos. Quise darme esta posibilidad,\ndecir que logr\u00e9 mi sue\u00f1o y lo cumpl\u00ed. Estoy muy agradecida de PRODEMU, y la\nverdad es que, aunque ande conduciendo, no me pierdo ninguna clase\u201d.<\/p>\n\n\n\n<p>En tanto, Mar\u00eda\nCecilia Bustamante V\u00e1squez de Puerto Natales, agradeci\u00f3 a la Fundaci\u00f3n PRODEMU\npor la oportunidad que le ha dado de cumplir su sue\u00f1o. <\/p>\n\n\n\n<p>\u201cOjal\u00e1 que esta\nposibilidad que se me ha dado de terminar mi ense\u00f1anza media, sirva para que\notras mujeres tambi\u00e9n sigan cumpliendo sus sue\u00f1os\u201d.<\/p>\n\n\n\n<p>Finalmente, Rosita\nVargas de la provincia de Tierra del Fuego, tiene 25 a\u00f1os, es mam\u00e1 y comerciante.\n<\/p>\n\n\n\n<p>\u201cQuiero dar las\ngracias a PRODEMU y a todo su equipo que nos ha ayudado con herramientas para\npoder surgir y salir adelante como persona y tener una mejor vida laboral que\nes lo m\u00e1s importante en este tiempo de pandemia. A las que somos madres, nos\ncomplic\u00f3 mucho terminar la ense\u00f1anza media trabajando y siendo mam\u00e1 a la vez.\nGracias a este proyecto se nos ha hecho s\u00faper f\u00e1cil y les doy las gracias al\nequipo por apoyarnos en todo momento. Esperamos terminar pronto con el sue\u00f1o\npara enorgullecer a la familia\u201d.<\/p>\n\n\n\n<p><strong>Disminuir la brecha educacional<\/strong><\/p>\n\n\n\n<p>En Magallanes, son 100\nlas mujeres que participan de \u201cCumpliendo Un Sue\u00f1o\u201d, que les abrir\u00e1 la\nposibilidad de un desarrollo laboral, a trav\u00e9s del ingreso al trabajo\ndependiente, generando mayores oportunidades laborales, con lo que aumenta su\nbienestar, su seguridad, empoderamiento y autonom\u00eda integral. A nivel pa\u00eds, la\ncobertura alcanza a m\u00e1s de dos mil inscritas.<\/p>\n\n\n\n<p>Para Paola Diez\nBerliner, directora nacional de PRODEMU, \u201cesta iniciativa aborda la vulnerabilidad\nmultidimensional que tenemos en Chile y que es mucho m\u00e1s que pobreza de\ningresos, porque no tener educaci\u00f3n media agranda la brecha de g\u00e9nero y&nbsp;afecta\na la busca de empleo dependiente formal\u201d.<\/p>\n\n\n\n<p>El aprendizaje es\nllevado a cabo a distancia, por lo que la participante cuenta con una\nplataforma de formaci\u00f3n virtual, <a href=\"http:\/\/www.graduate.cl\/\">www.graduate.cl<\/a>,\ndonde encuentra los contenidos de cada unidad, as\u00ed como ejercicios y\nevaluaciones. <\/p>\n\n\n\n<p>Cumpliendo Un Sue\u00f1o,\nes ejecutado por PRODEMU en el marco de Compromiso Pa\u00eds, en alianza con Banco\nSantander, la ONG Good Neighbors y el Instituto Profesional AIEP.<\/p>\n\n\n\n<p>Lo destacable de esto, es que el t\u00edtulo estar\u00e1 certificado por el Ministerio de Educaci\u00f3n.<\/p>\n","protected":false},"excerpt":{"rendered":"<p>Poder concluir los estudios de ense\u00f1anza media es el objetivo de muchas mujeres que, por diversos motivos, no pudieron hacerlo, sin embargo, nunca es tarde para finalizar esa etapa de&#8230; <a class=\"read-more\" href=\"https:\/\/www.radiopresidenteibanez.cl\/web\/100-mujeres-de-magallanes-nivelan-sus-estudios-con-fines-laborales\/\">Leer m\u00e1s<\/a><\/p>\n","protected":false},"author":2,"featured_media":15561,"comment_status":"closed","ping_status":"closed","sticky":false,"template":"","format":"standard","meta":{"footnotes":""},"categories":[1],"tags":[],"class_list":["post-15557","post","type-post","status-publish","format-standard","has-post-thumbnail","hentry","category-cronica"],"_links":{"self":[{"href":"https:\/\/www.radiopresidenteibanez.cl\/web\/wp-json\/wp\/v2\/posts\/15557","targetHints":{"allow":["GET"]}}],"collection":[{"href":"https:\/\/www.radiopresidenteibanez.cl\/web\/wp-json\/wp\/v2\/posts"}],"about":[{"href":"https:\/\/www.radiopresidenteibanez.cl\/web\/wp-json\/wp\/v2\/types\/post"}],"author":[{"embeddable":true,"href":"https:\/\/www.radiopresidenteibanez.cl\/web\/wp-json\/wp\/v2\/users\/2"}],"replies":[{"embeddable":true,"href":"https:\/\/www.radiopresidenteibanez.cl\/web\/wp-json\/wp\/v2\/comments?post=15557"}],"version-history":[{"count":0,"href":"https:\/\/www.radiopresidenteibanez.cl\/web\/wp-json\/wp\/v2\/posts\/15557\/revisions"}],"wp:featuredmedia":[{"embeddable":true,"href":"https:\/\/www.radiopresidenteibanez.cl\/web\/wp-json\/wp\/v2\/media\/15561"}],"wp:attachment":[{"href":"https:\/\/www.radiopresidenteibanez.cl\/web\/wp-json\/wp\/v2\/media?parent=15557"}],"wp:term":[{"taxonomy":"category","embeddable":true,"href":"https:\/\/www.radiopresidenteibanez.cl\/web\/wp-json\/wp\/v2\/categories?post=15557"},{"taxonomy":"post_tag","embeddable":true,"href":"https:\/\/www.radiopresidenteibanez.cl\/web\/wp-json\/wp\/v2\/tags?post=15557"}],"curies":[{"name":"wp","href":"https:\/\/api.w.org\/{rel}","templated":true}]}}