{"id":15550,"date":"2020-10-30T18:46:53","date_gmt":"2020-10-30T18:46:53","guid":{"rendered":"https:\/\/www.radiopresidenteibanez.cl\/web\/?p=15550"},"modified":"2020-10-30T18:46:57","modified_gmt":"2020-10-30T18:46:57","slug":"desempleo-en-magallanes-retrocede-09-puntos-en-relacion-con-anterior-trimestre-movil-de-este-ano","status":"publish","type":"post","link":"https:\/\/www.radiopresidenteibanez.cl\/web\/desempleo-en-magallanes-retrocede-09-puntos-en-relacion-con-anterior-trimestre-movil-de-este-ano\/","title":{"rendered":"DESEMPLEO EN MAGALLANES RETROCEDE 0,9 PUNTOS EN RELACI\u00d3N CON ANTERIOR TRIMESTRE M\u00d3VIL DE ESTE A\u00d1O"},"content":{"rendered":"\n<p><em>Tras un nuevo\ninforme de Empleo emitido el d\u00eda de hoy por el Instituto Nacional de\nEstad\u00edsticas (Ine) para la regi\u00f3n de Magallanes, la Seremi del Trabajo,\nVictoria Cort\u00e9s Schiattino, se refiri\u00f3 a las cifras que evidencian un descenso\nde la tasa de desocupaci\u00f3n con respecto al trimestre inmediatamente anterior,\nquedando en un 7,8% para este \u00faltimo per\u00edodo que comprende julio, agosto y\nseptiembre de 2020, con lo cual se registra una baja del desempleo de 0,9\npuntos.<\/em><em><\/em><\/p>\n\n\n\n<p><em>La tasa\ncomparada con igual per\u00edodo del a\u00f1o 2019 mostr\u00f3 un alza de 3,6 puntos\nporcentuales, lo que contin\u00faa reflejando el impacto de la actual crisis\nsanitaria cuyos efectos, sin embargo, poco a poco han ido retrocediendo.<\/em><em><\/em><\/p>\n\n\n\n<p><em>En palabras\nde la autoridad laboral, \u201cesta ma\u00f1ana conocimos un nuevo informe de Empleo del\nINE, que dio cuenta de un retroceso de la tasa de desocupaci\u00f3n con respecto al\ntrimestre inmediatamente anterior, quedando en 7,8% frente a un 8,7% del\nper\u00edodo previo, lo que de alguna manera nos da una se\u00f1al de que vamos avanzando\npoco a poco en el camino a la recuperaci\u00f3n. Para nosotros, estos datos son muy\nrelevantes, porque tenemos muy claro que, para sacar adelante a las familias y\ngarantizar su bienestar, lo m\u00e1s importante es poder levantar los empleos\nregionales\u201d.<\/em><em><\/em><\/p>\n\n\n\n<p><em>De acuerdo al\ninforme, la Fuerza Laboral pas\u00f3 de 83 mil a 84 mil personas entre ambos\ntrimestres, mientras que los ocupados aumentaron de 76.100 a 77.400\ntrabajadores, creciendo en m\u00e1s de 1.200 los ocupados de la regi\u00f3n en estos dos\nper\u00edodos. No obstante, en comparaci\u00f3n con los datos de igual trimestre del a\u00f1o\n2019, la Fuerza de trabajo disminuy\u00f3 un 14,5%, mientras que los ocupados lo\nhicieron en un 18,4%. <\/em><em><\/em><\/p>\n\n\n\n<p><em>\u201cEstas \u00faltimas\ncifras nos demuestran que el impacto econ\u00f3mico del Covid-19 contin\u00faa\nreflej\u00e1ndose en nuestra regi\u00f3n. Por lo mismo, como gobierno del Presidente\nSebasti\u00e1n Pi\u00f1era, nos hemos mantenido ocupados, no s\u00f3lo en recuperar los\nempleos perdidos, sino especialmente en este contexto, en reforzar la difusi\u00f3n\ny el aporte para prevenir el avance de la pandemia que es lo primero que\nnecesitamos para poder avanzar en la reactivaci\u00f3n\u201d, a\u00f1adi\u00f3 Cort\u00e9s.<\/em><em><\/em><\/p>\n\n\n\n<p><em>Por su parte,\nla Seremi se refiri\u00f3 al aporte que significar\u00e1 en esta recuperaci\u00f3n el subsidio\nal empleo. \u201cEl subsidio al Empleo que hemos estado difundiendo ampliamente en\nel \u00faltimo mes junto a varias autoridades de la zona, ya tiene m\u00e1s de 200\nempresas regionales que han postulado a cerca de 400 trabajadores, seg\u00fan el\n\u00faltimo bolet\u00edn de Sence, por lo cual, es fundamental para nosotros que las\nempresas y trabajadores conozcan este beneficio, pues, estamos seguros que\ncontribuir\u00e1 enormemente a la recuperaci\u00f3n de los empleos locales\u201d, se\u00f1al\u00f3 la\nsecretaria regional.<\/em><em><\/em><\/p>\n\n\n\n<p><em><strong>Otros datos<\/strong><\/em><em><strong><\/strong><\/em><\/p>\n\n\n\n<p><em>Con respecto\na la fuerza laboral por g\u00e9nero, <\/em>los hombres presentaron una disminuci\u00f3n en -17,5% anual y las mujeres un\nretroceso de -17,0% en comparaci\u00f3n con\nid\u00e9ntico trimestre del a\u00f1o pasado. <\/p>\n\n\n\n<p>Por su parte, la ocupaci\u00f3n informal\nfue de un 14,6%, descendiendo en 1,3 puntos porcentuales en relaci\u00f3n al mismo\nper\u00edodo del a\u00f1o anterior. En tanto los ocupados informales bajaron un 24,0%,\nquedando, actualmente, en 11.300 trabajadores informales en la regi\u00f3n.<\/p>\n","protected":false},"excerpt":{"rendered":"<p>Tras un nuevo informe de Empleo emitido el d\u00eda de hoy por el Instituto Nacional de Estad\u00edsticas (Ine) para la regi\u00f3n de Magallanes, la Seremi del Trabajo, Victoria Cort\u00e9s Schiattino,&#8230; <a class=\"read-more\" href=\"https:\/\/www.radiopresidenteibanez.cl\/web\/desempleo-en-magallanes-retrocede-09-puntos-en-relacion-con-anterior-trimestre-movil-de-este-ano\/\">Leer m\u00e1s<\/a><\/p>\n","protected":false},"author":2,"featured_media":10712,"comment_status":"closed","ping_status":"closed","sticky":false,"template":"","format":"standard","meta":{"footnotes":""},"categories":[1],"tags":[],"class_list":["post-15550","post","type-post","status-publish","format-standard","has-post-thumbnail","hentry","category-cronica"],"_links":{"self":[{"href":"https:\/\/www.radiopresidenteibanez.cl\/web\/wp-json\/wp\/v2\/posts\/15550","targetHints":{"allow":["GET"]}}],"collection":[{"href":"https:\/\/www.radiopresidenteibanez.cl\/web\/wp-json\/wp\/v2\/posts"}],"about":[{"href":"https:\/\/www.radiopresidenteibanez.cl\/web\/wp-json\/wp\/v2\/types\/post"}],"author":[{"embeddable":true,"href":"https:\/\/www.radiopresidenteibanez.cl\/web\/wp-json\/wp\/v2\/users\/2"}],"replies":[{"embeddable":true,"href":"https:\/\/www.radiopresidenteibanez.cl\/web\/wp-json\/wp\/v2\/comments?post=15550"}],"version-history":[{"count":0,"href":"https:\/\/www.radiopresidenteibanez.cl\/web\/wp-json\/wp\/v2\/posts\/15550\/revisions"}],"wp:featuredmedia":[{"embeddable":true,"href":"https:\/\/www.radiopresidenteibanez.cl\/web\/wp-json\/wp\/v2\/media\/10712"}],"wp:attachment":[{"href":"https:\/\/www.radiopresidenteibanez.cl\/web\/wp-json\/wp\/v2\/media?parent=15550"}],"wp:term":[{"taxonomy":"category","embeddable":true,"href":"https:\/\/www.radiopresidenteibanez.cl\/web\/wp-json\/wp\/v2\/categories?post=15550"},{"taxonomy":"post_tag","embeddable":true,"href":"https:\/\/www.radiopresidenteibanez.cl\/web\/wp-json\/wp\/v2\/tags?post=15550"}],"curies":[{"name":"wp","href":"https:\/\/api.w.org\/{rel}","templated":true}]}}